{"id":60882,"date":"2021-06-14T23:35:36","date_gmt":"2021-06-14T23:35:36","guid":{"rendered":"http:\/\/www.alertaciudadana.info\/?p=60882"},"modified":"2021-06-14T23:35:36","modified_gmt":"2021-06-14T23:35:36","slug":"invitan-a-personas-de-40-49-y-embarazadas-a-vacunacion-contra-covid-19","status":"publish","type":"post","link":"http:\/\/www.alertaciudadana.info\/?p=60882","title":{"rendered":"Invitan a personas de 40-49 y embarazadas a vacunaci\u00f3n contra COVID-19"},"content":{"rendered":"<p><a href=\"http:\/\/www.alertaciudadana.info\/wp-content\/uploads\/2021\/06\/IMG-20210614-WA0017.jpg\" rel=\"attachment wp-att-60880\"><img loading=\"lazy\" decoding=\"async\" class=\"alignnone size-full wp-image-60880\" src=\"http:\/\/www.alertaciudadana.info\/wp-content\/uploads\/2021\/06\/IMG-20210614-WA0017.jpg\" alt=\"IMG-20210614-WA0017\" width=\"1200\" height=\"800\" srcset=\"http:\/\/www.alertaciudadana.info\/wp-content\/uploads\/2021\/06\/IMG-20210614-WA0017.jpg 1200w, http:\/\/www.alertaciudadana.info\/wp-content\/uploads\/2021\/06\/IMG-20210614-WA0017-300x200.jpg 300w, http:\/\/www.alertaciudadana.info\/wp-content\/uploads\/2021\/06\/IMG-20210614-WA0017-768x512.jpg 768w, http:\/\/www.alertaciudadana.info\/wp-content\/uploads\/2021\/06\/IMG-20210614-WA0017-1024x683.jpg 1024w\" sizes=\"auto, (max-width: 1200px) 100vw, 1200px\" \/><\/a><\/p>\n<p>REYNOSA, TAM.- De manera puntual dio inicio este lunes 14 de junio la primera fase de la Estrategia Conjunta de Vacunaci\u00f3n para personas de 40 a 49 a\u00f1os que su primer apellido empiece con letras A, B, C, o D y embarazadas, a las que a nombre del R. Ayuntamiento convoc\u00f3 la Alcaldesa Maki Esther Ortiz Dom\u00ednguez y cuyas sedes son: CBTIS 7, Auditorio Municipal, Unidad Rodhe de la UAT y el Parque Cultural Reynosa para aplicaci\u00f3n a bordo del autom\u00f3vil, las 4 con horario de 8:00 de la ma\u00f1ana a 6:00 de la tarde.<\/p>\n<p>Para recibir la vacuna anti COVID-19, los interesados deben solicitar en l\u00ednea su Folio \u00abMi Vacuna\u00bb y llevarlo a la sede que acudan, con copias de su CURP y de comprobante de domicilio utilizando cubrebocas y sana distancia, adem\u00e1s de haber ingerido sus alimentos, y medicinas en el caso de quienes llevan un tratamiento m\u00e9dico. Las personas con apellidos iniciales en E. F, G, H e I, ser\u00e1n recibidas este martes 15 y el d\u00eda 16 corresponde a apellidos con primera letra J, K, L, M, o N.<\/p>\n","protected":false},"excerpt":{"rendered":"<p>REYNOSA, TAM.- De manera puntual dio inicio este lunes 14 de junio la primera fase de la Estrategia Conjunta de&hellip;<\/p>\n","protected":false},"author":1,"featured_media":60880,"comment_status":"closed","ping_status":"closed","sticky":false,"template":"","format":"standard","meta":{"footnotes":""},"categories":[1,2],"tags":[],"class_list":["post-60882","post","type-post","status-publish","format-standard","has-post-thumbnail","hentry","category-destacados","category-reynosa"],"_links":{"self":[{"href":"http:\/\/www.alertaciudadana.info\/index.php?rest_route=\/wp\/v2\/posts\/60882","targetHints":{"allow":["GET"]}}],"collection":[{"href":"http:\/\/www.alertaciudadana.info\/index.php?rest_route=\/wp\/v2\/posts"}],"about":[{"href":"http:\/\/www.alertaciudadana.info\/index.php?rest_route=\/wp\/v2\/types\/post"}],"author":[{"embeddable":true,"href":"http:\/\/www.alertaciudadana.info\/index.php?rest_route=\/wp\/v2\/users\/1"}],"replies":[{"embeddable":true,"href":"http:\/\/www.alertaciudadana.info\/index.php?rest_route=%2Fwp%2Fv2%2Fcomments&post=60882"}],"version-history":[{"count":1,"href":"http:\/\/www.alertaciudadana.info\/index.php?rest_route=\/wp\/v2\/posts\/60882\/revisions"}],"predecessor-version":[{"id":60883,"href":"http:\/\/www.alertaciudadana.info\/index.php?rest_route=\/wp\/v2\/posts\/60882\/revisions\/60883"}],"wp:featuredmedia":[{"embeddable":true,"href":"http:\/\/www.alertaciudadana.info\/index.php?rest_route=\/wp\/v2\/media\/60880"}],"wp:attachment":[{"href":"http:\/\/www.alertaciudadana.info\/index.php?rest_route=%2Fwp%2Fv2%2Fmedia&parent=60882"}],"wp:term":[{"taxonomy":"category","embeddable":true,"href":"http:\/\/www.alertaciudadana.info\/index.php?rest_route=%2Fwp%2Fv2%2Fcategories&post=60882"},{"taxonomy":"post_tag","embeddable":true,"href":"http:\/\/www.alertaciudadana.info\/index.php?rest_route=%2Fwp%2Fv2%2Ftags&post=60882"}],"curies":[{"name":"wp","href":"https:\/\/api.w.org\/{rel}","templated":true}]}}