{"id":59692,"date":"2021-04-08T20:21:27","date_gmt":"2021-04-08T20:21:27","guid":{"rendered":"http:\/\/www.alertaciudadana.info\/?p=59692"},"modified":"2021-04-08T20:21:27","modified_gmt":"2021-04-08T20:21:27","slug":"fenomeno-de-la-nina-afectara-al-planeta-con-sequia","status":"publish","type":"post","link":"http:\/\/www.alertaciudadana.info\/?p=59692","title":{"rendered":"Fen\u00f3meno de la ni\u00f1a afectara al planeta con sequ\u00eda"},"content":{"rendered":"<p><a href=\"http:\/\/www.alertaciudadana.info\/wp-content\/uploads\/2021\/03\/WaterMark_2021-03-17-20-48-43.jpg\" rel=\"attachment wp-att-59130\"><img loading=\"lazy\" decoding=\"async\" class=\"alignnone size-full wp-image-59130\" src=\"http:\/\/www.alertaciudadana.info\/wp-content\/uploads\/2021\/03\/WaterMark_2021-03-17-20-48-43.jpg\" alt=\"WaterMark_2021-03-17-20-48-43\" width=\"1080\" height=\"607\" srcset=\"http:\/\/www.alertaciudadana.info\/wp-content\/uploads\/2021\/03\/WaterMark_2021-03-17-20-48-43.jpg 1080w, http:\/\/www.alertaciudadana.info\/wp-content\/uploads\/2021\/03\/WaterMark_2021-03-17-20-48-43-300x169.jpg 300w, http:\/\/www.alertaciudadana.info\/wp-content\/uploads\/2021\/03\/WaterMark_2021-03-17-20-48-43-768x432.jpg 768w, http:\/\/www.alertaciudadana.info\/wp-content\/uploads\/2021\/03\/WaterMark_2021-03-17-20-48-43-1024x576.jpg 1024w\" sizes=\"auto, (max-width: 1080px) 100vw, 1080px\" \/><\/a><\/p>\n<h3>Javier Izaguirre Nacional.-Segun estudios atmosf\u00e9ricos que se han realizado desde el espacio exterior, se a mencionado que en fen\u00f3meno de la ni\u00f1a estar\u00e1 afectando con sequ\u00eda a gran parte del planeta, as\u00ed como falta de agua en lugares donde se hac\u00edan manantiales, este fen\u00f3meno de la Ni\u00f1a, afectado desde hace m\u00e1s de 30 a\u00f1os parte del mundo, y cada determinado tiempo las afectaciones del fen\u00f3meno natural, del Ni\u00f1o o la Ni\u00f1a que afecta en varios pa\u00edses.<\/h3>\n<h3>Seg\u00fan estudios relacionado con la ni\u00f1a por especialistas en meteorolog\u00eda, indican que este fen\u00f3meno estar\u00e1 afectando territorio Mexicano,\u00a0 trayendo consigo incendios, falta de agua, y fuertes oleadas de calor.<\/h3>\n<h3>Es por ello que se prev\u00e9 que se hagan m\u00e1s estudios a este fen\u00f3meno, que esperan no deje familias sin hogar por culpa del calentamiento global que se hace presente en estas \u00e1reas mexicanas.<\/h3>\n","protected":false},"excerpt":{"rendered":"<p>Javier Izaguirre Nacional.-Segun estudios atmosf\u00e9ricos que se han realizado desde el espacio exterior, se a mencionado que en fen\u00f3meno de&hellip;<\/p>\n","protected":false},"author":1,"featured_media":59130,"comment_status":"closed","ping_status":"closed","sticky":false,"template":"","format":"standard","meta":{"footnotes":""},"categories":[1,5],"tags":[],"class_list":["post-59692","post","type-post","status-publish","format-standard","has-post-thumbnail","hentry","category-destacados","category-nacional"],"_links":{"self":[{"href":"http:\/\/www.alertaciudadana.info\/index.php?rest_route=\/wp\/v2\/posts\/59692","targetHints":{"allow":["GET"]}}],"collection":[{"href":"http:\/\/www.alertaciudadana.info\/index.php?rest_route=\/wp\/v2\/posts"}],"about":[{"href":"http:\/\/www.alertaciudadana.info\/index.php?rest_route=\/wp\/v2\/types\/post"}],"author":[{"embeddable":true,"href":"http:\/\/www.alertaciudadana.info\/index.php?rest_route=\/wp\/v2\/users\/1"}],"replies":[{"embeddable":true,"href":"http:\/\/www.alertaciudadana.info\/index.php?rest_route=%2Fwp%2Fv2%2Fcomments&post=59692"}],"version-history":[{"count":1,"href":"http:\/\/www.alertaciudadana.info\/index.php?rest_route=\/wp\/v2\/posts\/59692\/revisions"}],"predecessor-version":[{"id":59693,"href":"http:\/\/www.alertaciudadana.info\/index.php?rest_route=\/wp\/v2\/posts\/59692\/revisions\/59693"}],"wp:featuredmedia":[{"embeddable":true,"href":"http:\/\/www.alertaciudadana.info\/index.php?rest_route=\/wp\/v2\/media\/59130"}],"wp:attachment":[{"href":"http:\/\/www.alertaciudadana.info\/index.php?rest_route=%2Fwp%2Fv2%2Fmedia&parent=59692"}],"wp:term":[{"taxonomy":"category","embeddable":true,"href":"http:\/\/www.alertaciudadana.info\/index.php?rest_route=%2Fwp%2Fv2%2Fcategories&post=59692"},{"taxonomy":"post_tag","embeddable":true,"href":"http:\/\/www.alertaciudadana.info\/index.php?rest_route=%2Fwp%2Fv2%2Ftags&post=59692"}],"curies":[{"name":"wp","href":"https:\/\/api.w.org\/{rel}","templated":true}]}}