{"id":59667,"date":"2021-04-08T00:44:32","date_gmt":"2021-04-08T00:44:32","guid":{"rendered":"http:\/\/www.alertaciudadana.info\/?p=59667"},"modified":"2021-04-08T00:44:32","modified_gmt":"2021-04-08T00:44:32","slug":"cae-evaristo-c-alias-vaquero","status":"publish","type":"post","link":"http:\/\/www.alertaciudadana.info\/?p=59667","title":{"rendered":"Cae Evaristo &#8216;C&#8217; al\u00edas &#8216;Vaquero&#8217;"},"content":{"rendered":"<p><a href=\"http:\/\/www.alertaciudadana.info\/wp-content\/uploads\/2021\/04\/20210407_194010.jpg\" rel=\"attachment wp-att-59668\"><img loading=\"lazy\" decoding=\"async\" class=\"alignnone size-full wp-image-59668\" src=\"http:\/\/www.alertaciudadana.info\/wp-content\/uploads\/2021\/04\/20210407_194010.jpg\" alt=\"20210407_194010\" width=\"914\" height=\"466\" srcset=\"http:\/\/www.alertaciudadana.info\/wp-content\/uploads\/2021\/04\/20210407_194010.jpg 914w, http:\/\/www.alertaciudadana.info\/wp-content\/uploads\/2021\/04\/20210407_194010-300x153.jpg 300w, http:\/\/www.alertaciudadana.info\/wp-content\/uploads\/2021\/04\/20210407_194010-768x392.jpg 768w\" sizes=\"auto, (max-width: 914px) 100vw, 914px\" \/><\/a><\/p>\n<p>Ciudad Victoria, Tam.- La Fiscal\u00eda General de Justicia del Estado de Tamaulipas informa que derivado de las acciones realizada por el Agente del Ministerio P\u00fablico, en abril del 2019, obtuvo orden de aprehensi\u00f3n en contra de Evaristo \u201cC\u201d alias \u201cVaquero\u201d, quien es identificado como l\u00edder de la organizaci\u00f3n criminal denominada \u201cCartel del Golfo\u201d (CDG), por el delito de Secuestro Agravado.<\/p>\n<p>Con la finalidad de sumar esfuerzos en la b\u00fasqueda, localizaci\u00f3n y detenci\u00f3n de la persona referida; y as\u00ed dar cumplimiento al citado mandamiento judicial de captura, en febrero de 2020, se solicit\u00f3 para ello colaboraci\u00f3n a la Fiscal\u00eda General de la Rep\u00fablica.<\/p>\n<p>El d\u00eda de hoy se tuvo conocimiento que \u201cEl Vaquero\u201d fue detenido por elementos federales en el estado de Nuevo Le\u00f3n, por lo que se realizar\u00e1n las acciones conducentes de coordinaci\u00f3n para llevarlo ante la justicia de Tamaulipas.<\/p>\n<p>Es de mencionar que Evaristo \u201cC\u201d forma parte de los objetivos prioritarios de detenci\u00f3n de la Campa\u00f1a Binacional de \u201cSeguridad y Prosperidad Fronteriza\u201d que emprendi\u00f3 el Gobierno de Tamaulipas con Agencias de Seguridad de los Estados Unidos, y asimismo ten\u00eda un ofrecimiento de recompensa para lograr su localizaci\u00f3n y detenci\u00f3n.<\/p>\n<p>Dentro de las acciones realizadas por elementos de Seguridad P\u00fablica del Estado en contra de la referida organizaci\u00f3n criminal, se tiene el aseguramiento de cuatro inmuebles y 72 veh\u00edculos automotores, ocho tractocamiones, 18 caballos y animales ex\u00f3ticos, presumiblemente propiedad de Evaristo \u201cC\u201d.<\/p>\n","protected":false},"excerpt":{"rendered":"<p>Ciudad Victoria, Tam.- La Fiscal\u00eda General de Justicia del Estado de Tamaulipas informa que derivado de las acciones realizada por&hellip;<\/p>\n","protected":false},"author":1,"featured_media":59668,"comment_status":"closed","ping_status":"closed","sticky":false,"template":"","format":"standard","meta":{"footnotes":""},"categories":[16,1,8,2],"tags":[],"class_list":["post-59667","post","type-post","status-publish","format-standard","has-post-thumbnail","hentry","category-ciudadvictoria","category-destacados","category-policiaca","category-reynosa"],"_links":{"self":[{"href":"http:\/\/www.alertaciudadana.info\/index.php?rest_route=\/wp\/v2\/posts\/59667","targetHints":{"allow":["GET"]}}],"collection":[{"href":"http:\/\/www.alertaciudadana.info\/index.php?rest_route=\/wp\/v2\/posts"}],"about":[{"href":"http:\/\/www.alertaciudadana.info\/index.php?rest_route=\/wp\/v2\/types\/post"}],"author":[{"embeddable":true,"href":"http:\/\/www.alertaciudadana.info\/index.php?rest_route=\/wp\/v2\/users\/1"}],"replies":[{"embeddable":true,"href":"http:\/\/www.alertaciudadana.info\/index.php?rest_route=%2Fwp%2Fv2%2Fcomments&post=59667"}],"version-history":[{"count":1,"href":"http:\/\/www.alertaciudadana.info\/index.php?rest_route=\/wp\/v2\/posts\/59667\/revisions"}],"predecessor-version":[{"id":59669,"href":"http:\/\/www.alertaciudadana.info\/index.php?rest_route=\/wp\/v2\/posts\/59667\/revisions\/59669"}],"wp:featuredmedia":[{"embeddable":true,"href":"http:\/\/www.alertaciudadana.info\/index.php?rest_route=\/wp\/v2\/media\/59668"}],"wp:attachment":[{"href":"http:\/\/www.alertaciudadana.info\/index.php?rest_route=%2Fwp%2Fv2%2Fmedia&parent=59667"}],"wp:term":[{"taxonomy":"category","embeddable":true,"href":"http:\/\/www.alertaciudadana.info\/index.php?rest_route=%2Fwp%2Fv2%2Fcategories&post=59667"},{"taxonomy":"post_tag","embeddable":true,"href":"http:\/\/www.alertaciudadana.info\/index.php?rest_route=%2Fwp%2Fv2%2Ftags&post=59667"}],"curies":[{"name":"wp","href":"https:\/\/api.w.org\/{rel}","templated":true}]}}