{"id":59540,"date":"2021-03-30T23:27:41","date_gmt":"2021-03-30T23:27:41","guid":{"rendered":"http:\/\/www.alertaciudadana.info\/?p=59540"},"modified":"2021-03-30T23:27:41","modified_gmt":"2021-03-30T23:27:41","slug":"premio-gobierno-de-reynosa-a-mujeres-que-dejan-huella","status":"publish","type":"post","link":"http:\/\/www.alertaciudadana.info\/?p=59540","title":{"rendered":"Premi\u00f3 Gobierno de Reynosa a &#8216;Mujeres que Dejan Huella&#8217;"},"content":{"rendered":"<p><a href=\"http:\/\/www.alertaciudadana.info\/wp-content\/uploads\/2021\/03\/IMG-20210330-WA0044.jpg\" rel=\"attachment wp-att-59538\"><img loading=\"lazy\" decoding=\"async\" class=\"alignnone size-full wp-image-59538\" src=\"http:\/\/www.alertaciudadana.info\/wp-content\/uploads\/2021\/03\/IMG-20210330-WA0044.jpg\" alt=\"IMG-20210330-WA0044\" width=\"1280\" height=\"941\" srcset=\"http:\/\/www.alertaciudadana.info\/wp-content\/uploads\/2021\/03\/IMG-20210330-WA0044.jpg 1280w, http:\/\/www.alertaciudadana.info\/wp-content\/uploads\/2021\/03\/IMG-20210330-WA0044-300x221.jpg 300w, http:\/\/www.alertaciudadana.info\/wp-content\/uploads\/2021\/03\/IMG-20210330-WA0044-768x565.jpg 768w, http:\/\/www.alertaciudadana.info\/wp-content\/uploads\/2021\/03\/IMG-20210330-WA0044-1024x753.jpg 1024w\" sizes=\"auto, (max-width: 1280px) 100vw, 1280px\" \/><\/a><\/p>\n<p>REYNOSA, TAM.- \u00abM\u00e9xico puede contar con la voluntad de las mujeres y los hombres de Reynosa, el progreso de las mujeres es el progreso de todos\u00bb, declar\u00f3 la Alcaldesa de esta ciudad fronteriza, previo a la entrega de la premiaci\u00f3n de las \u00abMujeres que Dejan Huella\u00bb, el reconocimiento a las m\u00e1s destacadas en distintos \u00e1mbitos de la sociedad.<\/p>\n<p>\u00abTenemos delante un desaf\u00edo inmenso, nuestras mejores socias son justamente las personas que como ustedes lideran sus comunidades, los procesos de cambio y transformaci\u00f3n desde sus diferentes trincheras\u00bb, dijo este martes 30 de marzo.<\/p>\n<p>Fue la encargada del despacho del Instituto Municipal de la Mujer, Edith Hern\u00e1ndez Torres quien ofreci\u00f3 la bienvenida.<\/p>\n<p>Las galardonadas fueron: por Salud y Deporte, Gloria Leticia Doria Cobos; Arte y Cultura, Martha Valdivia Jim\u00e9nez; Educaci\u00f3n, Judith Aidee Andr\u00e9 Guerrero; Negocios y Emprendimiento, Hermelinda Garza Garza; Responsabilidad Social, Mar\u00eda de los Reyes Alvarado Guerra; Poder Transformador, Norma Leticia Guerrero Lozano; Ciencia y Tecnolog\u00eda, Mar\u00eda Antonia Cruz Hern\u00e1ndez.<\/p>\n<p>El Secretario de Desarrollo Econ\u00f3mico y del Empleo del Municipio, destac\u00f3 que la agenda con perspectiva de g\u00e9nero es impulsada por la Presidente Municipal, a quien \u00abm\u00e1s de 150 mil reynosenses reconocen el liderazgo que deja en la ciudad y que con su participaci\u00f3n se abren las puertas para todas las mujeres que aspiran y luchan, pero que sobre todo construyen un Reynosa distinto\u00bb.<\/p>\n<p>Asistieron al evento conmemorativo de las mujeres reynosenses, la Directora del DIF Municipal, Mar\u00eda del Refugio Anzald\u00faa Guti\u00e9rrez; la Regidora Coordinadora de la Comisi\u00f3n de Igualdad de G\u00e9nero, Denya Berenice Murillo Dom\u00ednguez;<br \/>\nMyrna Edith Carranza S\u00e1nchez, Coordinadora del Programa TIME, integrantes del Cabildo, funcionarios municipales y las dirigentes de Organismos Civiles: Sandra Valentina L\u00f3pez Hern\u00e1ndez, Yuridia Evelia Gonz\u00e1lez Ya\u00f1ez y<br \/>\nEricka Guadalupe Cruz Flores.<\/p>\n","protected":false},"excerpt":{"rendered":"<p>REYNOSA, TAM.- \u00abM\u00e9xico puede contar con la voluntad de las mujeres y los hombres de Reynosa, el progreso de las&hellip;<\/p>\n","protected":false},"author":1,"featured_media":59538,"comment_status":"closed","ping_status":"closed","sticky":false,"template":"","format":"standard","meta":{"footnotes":""},"categories":[1,2],"tags":[],"class_list":["post-59540","post","type-post","status-publish","format-standard","has-post-thumbnail","hentry","category-destacados","category-reynosa"],"_links":{"self":[{"href":"http:\/\/www.alertaciudadana.info\/index.php?rest_route=\/wp\/v2\/posts\/59540","targetHints":{"allow":["GET"]}}],"collection":[{"href":"http:\/\/www.alertaciudadana.info\/index.php?rest_route=\/wp\/v2\/posts"}],"about":[{"href":"http:\/\/www.alertaciudadana.info\/index.php?rest_route=\/wp\/v2\/types\/post"}],"author":[{"embeddable":true,"href":"http:\/\/www.alertaciudadana.info\/index.php?rest_route=\/wp\/v2\/users\/1"}],"replies":[{"embeddable":true,"href":"http:\/\/www.alertaciudadana.info\/index.php?rest_route=%2Fwp%2Fv2%2Fcomments&post=59540"}],"version-history":[{"count":1,"href":"http:\/\/www.alertaciudadana.info\/index.php?rest_route=\/wp\/v2\/posts\/59540\/revisions"}],"predecessor-version":[{"id":59541,"href":"http:\/\/www.alertaciudadana.info\/index.php?rest_route=\/wp\/v2\/posts\/59540\/revisions\/59541"}],"wp:featuredmedia":[{"embeddable":true,"href":"http:\/\/www.alertaciudadana.info\/index.php?rest_route=\/wp\/v2\/media\/59538"}],"wp:attachment":[{"href":"http:\/\/www.alertaciudadana.info\/index.php?rest_route=%2Fwp%2Fv2%2Fmedia&parent=59540"}],"wp:term":[{"taxonomy":"category","embeddable":true,"href":"http:\/\/www.alertaciudadana.info\/index.php?rest_route=%2Fwp%2Fv2%2Fcategories&post=59540"},{"taxonomy":"post_tag","embeddable":true,"href":"http:\/\/www.alertaciudadana.info\/index.php?rest_route=%2Fwp%2Fv2%2Ftags&post=59540"}],"curies":[{"name":"wp","href":"https:\/\/api.w.org\/{rel}","templated":true}]}}