{"id":59139,"date":"2021-03-18T16:54:02","date_gmt":"2021-03-18T16:54:02","guid":{"rendered":"http:\/\/www.alertaciudadana.info\/?p=59139"},"modified":"2021-03-18T16:54:02","modified_gmt":"2021-03-18T16:54:02","slug":"frenan-paso-a-viajes-no-esenciales-a-mexico","status":"publish","type":"post","link":"http:\/\/www.alertaciudadana.info\/?p=59139","title":{"rendered":"Frenan paso a viajes no esenciales a M\u00e9xico"},"content":{"rendered":"<p><a href=\"http:\/\/www.alertaciudadana.info\/wp-content\/uploads\/2021\/03\/Screenshot_20210318-113329_Chrome.jpg\" rel=\"attachment wp-att-59140\"><img loading=\"lazy\" decoding=\"async\" class=\"alignnone size-full wp-image-59140\" src=\"http:\/\/www.alertaciudadana.info\/wp-content\/uploads\/2021\/03\/Screenshot_20210318-113329_Chrome.jpg\" alt=\"Screenshot_20210318-113329_Chrome\" width=\"1079\" height=\"1054\" srcset=\"http:\/\/www.alertaciudadana.info\/wp-content\/uploads\/2021\/03\/Screenshot_20210318-113329_Chrome.jpg 1079w, http:\/\/www.alertaciudadana.info\/wp-content\/uploads\/2021\/03\/Screenshot_20210318-113329_Chrome-300x293.jpg 300w, http:\/\/www.alertaciudadana.info\/wp-content\/uploads\/2021\/03\/Screenshot_20210318-113329_Chrome-768x750.jpg 768w, http:\/\/www.alertaciudadana.info\/wp-content\/uploads\/2021\/03\/Screenshot_20210318-113329_Chrome-1024x1000.jpg 1024w\" sizes=\"auto, (max-width: 1079px) 100vw, 1079px\" \/><\/a><\/p>\n<h2>Edith Jim\u00e9nez<\/h2>\n<h2>Reynosa, Tam.- La Secretar\u00eda de Relaciones Exteriores dio a conocer a trav\u00e9s de redes sociales que a partir de este 19 de marzo implementar\u00e1 medidas de control sanitario en el norte y sur del pa\u00eds\u00a0 a fin de reducir la cifra de contagios.<\/h2>\n<h2>Se\u00f1alando que las restricciones a viajes no esenciales por via terrestre estaran vigentes hasta el pr\u00f3ximo 21 de abril.<\/h2>\n<h2>El anuncio fue emitido despu\u00e9s de darse a conocer que el puente internacional continuar\u00e1 cerrado a turistas hasta el pr\u00f3ximo 21 de abril.<\/h2>\n<h2><\/h2>\n","protected":false},"excerpt":{"rendered":"<p>Edith Jim\u00e9nez Reynosa, Tam.- La Secretar\u00eda de Relaciones Exteriores dio a conocer a trav\u00e9s de redes sociales que a partir&hellip;<\/p>\n","protected":false},"author":1,"featured_media":59141,"comment_status":"closed","ping_status":"closed","sticky":false,"template":"","format":"standard","meta":{"footnotes":""},"categories":[1,2],"tags":[],"class_list":["post-59139","post","type-post","status-publish","format-standard","has-post-thumbnail","hentry","category-destacados","category-reynosa"],"_links":{"self":[{"href":"http:\/\/www.alertaciudadana.info\/index.php?rest_route=\/wp\/v2\/posts\/59139","targetHints":{"allow":["GET"]}}],"collection":[{"href":"http:\/\/www.alertaciudadana.info\/index.php?rest_route=\/wp\/v2\/posts"}],"about":[{"href":"http:\/\/www.alertaciudadana.info\/index.php?rest_route=\/wp\/v2\/types\/post"}],"author":[{"embeddable":true,"href":"http:\/\/www.alertaciudadana.info\/index.php?rest_route=\/wp\/v2\/users\/1"}],"replies":[{"embeddable":true,"href":"http:\/\/www.alertaciudadana.info\/index.php?rest_route=%2Fwp%2Fv2%2Fcomments&post=59139"}],"version-history":[{"count":1,"href":"http:\/\/www.alertaciudadana.info\/index.php?rest_route=\/wp\/v2\/posts\/59139\/revisions"}],"predecessor-version":[{"id":59142,"href":"http:\/\/www.alertaciudadana.info\/index.php?rest_route=\/wp\/v2\/posts\/59139\/revisions\/59142"}],"wp:featuredmedia":[{"embeddable":true,"href":"http:\/\/www.alertaciudadana.info\/index.php?rest_route=\/wp\/v2\/media\/59141"}],"wp:attachment":[{"href":"http:\/\/www.alertaciudadana.info\/index.php?rest_route=%2Fwp%2Fv2%2Fmedia&parent=59139"}],"wp:term":[{"taxonomy":"category","embeddable":true,"href":"http:\/\/www.alertaciudadana.info\/index.php?rest_route=%2Fwp%2Fv2%2Fcategories&post=59139"},{"taxonomy":"post_tag","embeddable":true,"href":"http:\/\/www.alertaciudadana.info\/index.php?rest_route=%2Fwp%2Fv2%2Ftags&post=59139"}],"curies":[{"name":"wp","href":"https:\/\/api.w.org\/{rel}","templated":true}]}}