{"id":59116,"date":"2021-03-18T01:38:28","date_gmt":"2021-03-18T01:38:28","guid":{"rendered":"http:\/\/www.alertaciudadana.info\/?p=59116"},"modified":"2021-03-18T01:38:28","modified_gmt":"2021-03-18T01:38:28","slug":"dif-reynosa-continua-con-entrega-permanente-de-aparatos-funcionales","status":"publish","type":"post","link":"http:\/\/www.alertaciudadana.info\/?p=59116","title":{"rendered":"DIF Reynosa contin\u00faa con entrega permanente de aparatos funcionales"},"content":{"rendered":"<p><a href=\"http:\/\/www.alertaciudadana.info\/wp-content\/uploads\/2021\/03\/IMG-20210317-WA0067.jpg\" rel=\"attachment wp-att-59114\"><img loading=\"lazy\" decoding=\"async\" class=\"alignnone size-full wp-image-59114\" src=\"http:\/\/www.alertaciudadana.info\/wp-content\/uploads\/2021\/03\/IMG-20210317-WA0067.jpg\" alt=\"IMG-20210317-WA0067\" width=\"960\" height=\"639\" srcset=\"http:\/\/www.alertaciudadana.info\/wp-content\/uploads\/2021\/03\/IMG-20210317-WA0067.jpg 960w, http:\/\/www.alertaciudadana.info\/wp-content\/uploads\/2021\/03\/IMG-20210317-WA0067-300x200.jpg 300w, http:\/\/www.alertaciudadana.info\/wp-content\/uploads\/2021\/03\/IMG-20210317-WA0067-768x511.jpg 768w\" sizes=\"auto, (max-width: 960px) 100vw, 960px\" \/><\/a><\/p>\n<p>-Se apoya a personas con discapacidad<\/p>\n<p>El Sistema DIF Reynosa refrenda su compromiso de brindar atenci\u00f3n integral a personas con discapacidad, a trav\u00e9s de la entrega permanente de aparatos funcionales.<\/p>\n<p>En esta ocasi\u00f3n, entreg\u00f3 4 andadores, productos de la canasta b\u00e1sica y cubrebocas a igual n\u00famero de personas que con anticipaci\u00f3n realizaron la petici\u00f3n de estos dispositivos.<\/p>\n<p>A trav\u00e9s de la coordinaci\u00f3n de Programas y Campa\u00f1as Especiales, el DIF Reynosa apoya de manera permanente a la poblaci\u00f3n con alguna dificultad de movilidad y que requiere de aparatos especiales para desplazarse.<\/p>\n<p>En el marco de la campa\u00f1a permanente de entrega de aparatos funcionales, personal del DIF apoya con sillas de ruedas, andadores, muletas y\/o bastones a quien lo requiere, tanto adultos como menores de edad.<\/p>\n","protected":false},"excerpt":{"rendered":"<p>-Se apoya a personas con discapacidad El Sistema DIF Reynosa refrenda su compromiso de brindar atenci\u00f3n integral a personas con&hellip;<\/p>\n","protected":false},"author":1,"featured_media":59113,"comment_status":"closed","ping_status":"closed","sticky":false,"template":"","format":"standard","meta":{"footnotes":""},"categories":[1,2],"tags":[],"class_list":["post-59116","post","type-post","status-publish","format-standard","has-post-thumbnail","hentry","category-destacados","category-reynosa"],"_links":{"self":[{"href":"http:\/\/www.alertaciudadana.info\/index.php?rest_route=\/wp\/v2\/posts\/59116","targetHints":{"allow":["GET"]}}],"collection":[{"href":"http:\/\/www.alertaciudadana.info\/index.php?rest_route=\/wp\/v2\/posts"}],"about":[{"href":"http:\/\/www.alertaciudadana.info\/index.php?rest_route=\/wp\/v2\/types\/post"}],"author":[{"embeddable":true,"href":"http:\/\/www.alertaciudadana.info\/index.php?rest_route=\/wp\/v2\/users\/1"}],"replies":[{"embeddable":true,"href":"http:\/\/www.alertaciudadana.info\/index.php?rest_route=%2Fwp%2Fv2%2Fcomments&post=59116"}],"version-history":[{"count":1,"href":"http:\/\/www.alertaciudadana.info\/index.php?rest_route=\/wp\/v2\/posts\/59116\/revisions"}],"predecessor-version":[{"id":59117,"href":"http:\/\/www.alertaciudadana.info\/index.php?rest_route=\/wp\/v2\/posts\/59116\/revisions\/59117"}],"wp:featuredmedia":[{"embeddable":true,"href":"http:\/\/www.alertaciudadana.info\/index.php?rest_route=\/wp\/v2\/media\/59113"}],"wp:attachment":[{"href":"http:\/\/www.alertaciudadana.info\/index.php?rest_route=%2Fwp%2Fv2%2Fmedia&parent=59116"}],"wp:term":[{"taxonomy":"category","embeddable":true,"href":"http:\/\/www.alertaciudadana.info\/index.php?rest_route=%2Fwp%2Fv2%2Fcategories&post=59116"},{"taxonomy":"post_tag","embeddable":true,"href":"http:\/\/www.alertaciudadana.info\/index.php?rest_route=%2Fwp%2Fv2%2Ftags&post=59116"}],"curies":[{"name":"wp","href":"https:\/\/api.w.org\/{rel}","templated":true}]}}