{"id":58608,"date":"2021-02-26T03:06:13","date_gmt":"2021-02-26T03:06:13","guid":{"rendered":"http:\/\/www.alertaciudadana.info\/?p=58608"},"modified":"2021-02-26T03:06:13","modified_gmt":"2021-02-26T03:06:13","slug":"ofertaran-1700-vacantes-en-feria-del-empleo","status":"publish","type":"post","link":"http:\/\/www.alertaciudadana.info\/?p=58608","title":{"rendered":"Ofertar\u00e1n 1,700 vacantes en Feria del Empleo"},"content":{"rendered":"<p><a href=\"http:\/\/www.alertaciudadana.info\/wp-content\/uploads\/2021\/02\/IMG-20210225-WA0060.jpg\" rel=\"attachment wp-att-58609\"><img loading=\"lazy\" decoding=\"async\" class=\"alignnone size-full wp-image-58609\" src=\"http:\/\/www.alertaciudadana.info\/wp-content\/uploads\/2021\/02\/IMG-20210225-WA0060.jpg\" alt=\"IMG-20210225-WA0060\" width=\"888\" height=\"1280\" srcset=\"http:\/\/www.alertaciudadana.info\/wp-content\/uploads\/2021\/02\/IMG-20210225-WA0060.jpg 888w, http:\/\/www.alertaciudadana.info\/wp-content\/uploads\/2021\/02\/IMG-20210225-WA0060-208x300.jpg 208w, http:\/\/www.alertaciudadana.info\/wp-content\/uploads\/2021\/02\/IMG-20210225-WA0060-768x1107.jpg 768w, http:\/\/www.alertaciudadana.info\/wp-content\/uploads\/2021\/02\/IMG-20210225-WA0060-710x1024.jpg 710w\" sizes=\"auto, (max-width: 888px) 100vw, 888px\" \/><\/a><\/p>\n<h2>Edith Jim\u00e9nez<\/h2>\n<h2>Reynosa, Tam.-La Secretar\u00eda de Desarrollo Econ\u00f3mico y del Empleo Municpal\u00a0 llevar\u00e1 a cabo este viernes 26 de Febrero la Feria Virtual del empleo 2021.<\/h2>\n<h2>Apartir de las 10:00 de la ma\u00f1ana, hasta la 1:00 de la tarde, se transmitir\u00e1 v\u00eda Facebook, donden 82 empresas ofrecer\u00e1n 1764 vacantes.<\/h2>\n<h2>El Gobierno que encabeza la Alcaldesa, Maki Esther Ortiz Dom\u00ednguez, reitera que el desarrollo de las familias reynosenses es una prioridad, ofreciendo mejores condiciones de trabajo y su calidad de vida.<\/h2>\n","protected":false},"excerpt":{"rendered":"<p>Edith Jim\u00e9nez Reynosa, Tam.-La Secretar\u00eda de Desarrollo Econ\u00f3mico y del Empleo Municpal\u00a0 llevar\u00e1 a cabo este viernes 26 de Febrero&hellip;<\/p>\n","protected":false},"author":1,"featured_media":58610,"comment_status":"closed","ping_status":"closed","sticky":false,"template":"","format":"standard","meta":{"footnotes":""},"categories":[1,2],"tags":[],"class_list":["post-58608","post","type-post","status-publish","format-standard","has-post-thumbnail","hentry","category-destacados","category-reynosa"],"_links":{"self":[{"href":"http:\/\/www.alertaciudadana.info\/index.php?rest_route=\/wp\/v2\/posts\/58608","targetHints":{"allow":["GET"]}}],"collection":[{"href":"http:\/\/www.alertaciudadana.info\/index.php?rest_route=\/wp\/v2\/posts"}],"about":[{"href":"http:\/\/www.alertaciudadana.info\/index.php?rest_route=\/wp\/v2\/types\/post"}],"author":[{"embeddable":true,"href":"http:\/\/www.alertaciudadana.info\/index.php?rest_route=\/wp\/v2\/users\/1"}],"replies":[{"embeddable":true,"href":"http:\/\/www.alertaciudadana.info\/index.php?rest_route=%2Fwp%2Fv2%2Fcomments&post=58608"}],"version-history":[{"count":1,"href":"http:\/\/www.alertaciudadana.info\/index.php?rest_route=\/wp\/v2\/posts\/58608\/revisions"}],"predecessor-version":[{"id":58611,"href":"http:\/\/www.alertaciudadana.info\/index.php?rest_route=\/wp\/v2\/posts\/58608\/revisions\/58611"}],"wp:featuredmedia":[{"embeddable":true,"href":"http:\/\/www.alertaciudadana.info\/index.php?rest_route=\/wp\/v2\/media\/58610"}],"wp:attachment":[{"href":"http:\/\/www.alertaciudadana.info\/index.php?rest_route=%2Fwp%2Fv2%2Fmedia&parent=58608"}],"wp:term":[{"taxonomy":"category","embeddable":true,"href":"http:\/\/www.alertaciudadana.info\/index.php?rest_route=%2Fwp%2Fv2%2Fcategories&post=58608"},{"taxonomy":"post_tag","embeddable":true,"href":"http:\/\/www.alertaciudadana.info\/index.php?rest_route=%2Fwp%2Fv2%2Ftags&post=58608"}],"curies":[{"name":"wp","href":"https:\/\/api.w.org\/{rel}","templated":true}]}}