{"id":58495,"date":"2021-02-23T01:51:21","date_gmt":"2021-02-23T01:51:21","guid":{"rendered":"http:\/\/www.alertaciudadana.info\/?p=58495"},"modified":"2021-02-23T01:51:21","modified_gmt":"2021-02-23T01:51:21","slug":"colegios-buscan-reanudar-clases-presenciales","status":"publish","type":"post","link":"http:\/\/www.alertaciudadana.info\/?p=58495","title":{"rendered":"Colegios buscan reanudar clases presenciales"},"content":{"rendered":"<p><a href=\"http:\/\/www.alertaciudadana.info\/wp-content\/uploads\/2021\/02\/Screenshot_20210222-194907_Chrome.jpg\" rel=\"attachment wp-att-58496\"><img loading=\"lazy\" decoding=\"async\" class=\"alignnone size-full wp-image-58496\" src=\"http:\/\/www.alertaciudadana.info\/wp-content\/uploads\/2021\/02\/Screenshot_20210222-194907_Chrome.jpg\" alt=\"Screenshot_20210222-194907_Chrome\" width=\"1078\" height=\"925\" srcset=\"http:\/\/www.alertaciudadana.info\/wp-content\/uploads\/2021\/02\/Screenshot_20210222-194907_Chrome.jpg 1078w, http:\/\/www.alertaciudadana.info\/wp-content\/uploads\/2021\/02\/Screenshot_20210222-194907_Chrome-300x257.jpg 300w, http:\/\/www.alertaciudadana.info\/wp-content\/uploads\/2021\/02\/Screenshot_20210222-194907_Chrome-768x659.jpg 768w, http:\/\/www.alertaciudadana.info\/wp-content\/uploads\/2021\/02\/Screenshot_20210222-194907_Chrome-1024x879.jpg 1024w\" sizes=\"auto, (max-width: 1078px) 100vw, 1078px\" \/><\/a><\/p>\n<p>NACIONAL.- Ante el cierre de 20,000 escuelas particulares en medio de la pandemia de Covid-19, la Asociaci\u00f3n Nacional de Escuelas Particulares de la Rep\u00fablica Mexicana (ANFE-ANEP) inform\u00f3 que\u00a0el 1 marzo dichos centros escolares reanudar\u00e1n sus clases presenciales.<br \/>\nSe estima que hasta un 65% de los alumnos de escuelas particulares regresen a las aulas\u00a0en toda la Rep\u00fablica Mexicana, desde el nivel preescolar hasta posgrado, luego de que dos millones de estudiantes de estos colegios desertaran ante el cierre de aulas.<br \/>\n\u201cTodo estar\u00e1 apegado al estado de derecho donde se restablecer\u00e1n los derechos violados\u00a0y se garantizar\u00e1 el disfrute de los mismos, se solicitar\u00e1 el apoyo de la Secretar\u00eda de Educaci\u00f3n P\u00fablica (SEP), de los gobernadores y secretar\u00edas de educaci\u00f3n estatales\u201d, expres\u00f3 Alfredo Villar Jim\u00e9nez, presidente de la ANFE-ANEP en conferencia de prensa.<br \/>\nTe podr\u00eda interesar:\u00a0Cerrar\u00e1n hasta 20,000 escuelas privadas; han perdido m\u00e1s del 40% de sus estudiantes<br \/>\nAnte la respuesta gubernamental de no abrir las escuelas particulares durante el ciclo escolar 2020-2021,\u00a0la ANFE-ANEP declar\u00f3 que tomar\u00e1n acci\u00f3n para la reapertura siguiendo los protocolos de higiene\u00a0y en caso de que quieran aplicarles sanciones, aplicar\u00e1n recursos legales.<br \/>\n\u201cNo puede haber multas, se tiene que motivar y fundamentar en qu\u00e9 lo est\u00e1n haciendo,\u00a0el Estado ha estado violando los derechos de la sociedad, sobre todo el materia educativa y no se dan cuenta que violan el derecho a la salud, a trav\u00e9s de que hay trastornos emocionales, mentales, de obesidad y de todo tipo, en estudiantes\u201d, explic\u00f3 Villar Jim\u00e9nez.<br \/>\nDe igual forma, el presidente de la Asociaci\u00f3n de Escuelas Particulares reiter\u00f3 que\u00a0buscan el di\u00e1logo con Delfina G\u00f3mez, la nueva titular de la\u00a0SEP para que les proporcionen facilidades.<br \/>\n\u201cEstamos ahorita en acercamiento tratando de tener un contacto directo con la nueva secretaria de educaci\u00f3n, no lo pod\u00edamos hacer, quer\u00edamos que las clases empezaran en febrero pero no hab\u00eda cambio de secretario, y\u00a0Esteban Moctezuma era muy cerrado y no quer\u00eda abrirse para el di\u00e1logo y no podr\u00edamos llegar a ning\u00fan acuerdo\u201d, declar\u00f3 el presidente de la ANFE- ANEP.<\/p>\n","protected":false},"excerpt":{"rendered":"<p>NACIONAL.- Ante el cierre de 20,000 escuelas particulares en medio de la pandemia de Covid-19, la Asociaci\u00f3n Nacional de Escuelas&hellip;<\/p>\n","protected":false},"author":1,"featured_media":58496,"comment_status":"closed","ping_status":"closed","sticky":false,"template":"","format":"standard","meta":{"footnotes":""},"categories":[1,5,2],"tags":[],"class_list":["post-58495","post","type-post","status-publish","format-standard","has-post-thumbnail","hentry","category-destacados","category-nacional","category-reynosa"],"_links":{"self":[{"href":"http:\/\/www.alertaciudadana.info\/index.php?rest_route=\/wp\/v2\/posts\/58495","targetHints":{"allow":["GET"]}}],"collection":[{"href":"http:\/\/www.alertaciudadana.info\/index.php?rest_route=\/wp\/v2\/posts"}],"about":[{"href":"http:\/\/www.alertaciudadana.info\/index.php?rest_route=\/wp\/v2\/types\/post"}],"author":[{"embeddable":true,"href":"http:\/\/www.alertaciudadana.info\/index.php?rest_route=\/wp\/v2\/users\/1"}],"replies":[{"embeddable":true,"href":"http:\/\/www.alertaciudadana.info\/index.php?rest_route=%2Fwp%2Fv2%2Fcomments&post=58495"}],"version-history":[{"count":1,"href":"http:\/\/www.alertaciudadana.info\/index.php?rest_route=\/wp\/v2\/posts\/58495\/revisions"}],"predecessor-version":[{"id":58497,"href":"http:\/\/www.alertaciudadana.info\/index.php?rest_route=\/wp\/v2\/posts\/58495\/revisions\/58497"}],"wp:featuredmedia":[{"embeddable":true,"href":"http:\/\/www.alertaciudadana.info\/index.php?rest_route=\/wp\/v2\/media\/58496"}],"wp:attachment":[{"href":"http:\/\/www.alertaciudadana.info\/index.php?rest_route=%2Fwp%2Fv2%2Fmedia&parent=58495"}],"wp:term":[{"taxonomy":"category","embeddable":true,"href":"http:\/\/www.alertaciudadana.info\/index.php?rest_route=%2Fwp%2Fv2%2Fcategories&post=58495"},{"taxonomy":"post_tag","embeddable":true,"href":"http:\/\/www.alertaciudadana.info\/index.php?rest_route=%2Fwp%2Fv2%2Ftags&post=58495"}],"curies":[{"name":"wp","href":"https:\/\/api.w.org\/{rel}","templated":true}]}}