{"id":58492,"date":"2021-02-23T01:44:21","date_gmt":"2021-02-23T01:44:21","guid":{"rendered":"http:\/\/www.alertaciudadana.info\/?p=58492"},"modified":"2021-02-23T01:44:21","modified_gmt":"2021-02-23T01:44:21","slug":"fgje-lleva-platicas-virtuales-a-estudiantes","status":"publish","type":"post","link":"http:\/\/www.alertaciudadana.info\/?p=58492","title":{"rendered":"FGJE lleva pl\u00e1ticas virtuales a estudiantes"},"content":{"rendered":"<p><a href=\"http:\/\/www.alertaciudadana.info\/wp-content\/uploads\/2021\/02\/FB_IMG_1614044325461.jpg\" rel=\"attachment wp-att-58493\"><img loading=\"lazy\" decoding=\"async\" class=\"alignnone size-full wp-image-58493\" src=\"http:\/\/www.alertaciudadana.info\/wp-content\/uploads\/2021\/02\/FB_IMG_1614044325461.jpg\" alt=\"FB_IMG_1614044325461\" width=\"1080\" height=\"808\" srcset=\"http:\/\/www.alertaciudadana.info\/wp-content\/uploads\/2021\/02\/FB_IMG_1614044325461.jpg 1080w, http:\/\/www.alertaciudadana.info\/wp-content\/uploads\/2021\/02\/FB_IMG_1614044325461-300x224.jpg 300w, http:\/\/www.alertaciudadana.info\/wp-content\/uploads\/2021\/02\/FB_IMG_1614044325461-768x575.jpg 768w, http:\/\/www.alertaciudadana.info\/wp-content\/uploads\/2021\/02\/FB_IMG_1614044325461-1024x766.jpg 1024w\" sizes=\"auto, (max-width: 1080px) 100vw, 1080px\" \/><\/a><\/p>\n<p>Reynosa, Tam. &#8211; La Fiscal\u00eda General de Justicia del Estado, a trav\u00e9s del Centro de Justicia Alternativa Penal de Reynosa, llev\u00f3 a cabo una pl\u00e1tica sobre Mediaci\u00f3n Escolar dirigida a alumnos del sexto grado de la Escuela Primaria Sor Juana In\u00e9s de la Cruz, donde se explica a las ni\u00f1as y los ni\u00f1os la importancia de la soluci\u00f3n de conflictos de manera pac\u00edfica y colaborativa.<\/p>\n<p>Las imparticiones de estas actividades acad\u00e9micas tienen como objetivo principal el de promover una Cultura de Paz entre la comunidad estudiantil, cumpliendo con las recomendaciones sanitarias realizando de manera virtual, asumiendo los compromisos con la sociedad tamaulipeca.<\/p>\n","protected":false},"excerpt":{"rendered":"<p>Reynosa, Tam. &#8211; La Fiscal\u00eda General de Justicia del Estado, a trav\u00e9s del Centro de Justicia Alternativa Penal de Reynosa,&hellip;<\/p>\n","protected":false},"author":1,"featured_media":58493,"comment_status":"closed","ping_status":"closed","sticky":false,"template":"","format":"standard","meta":{"footnotes":""},"categories":[1,2],"tags":[],"class_list":["post-58492","post","type-post","status-publish","format-standard","has-post-thumbnail","hentry","category-destacados","category-reynosa"],"_links":{"self":[{"href":"http:\/\/www.alertaciudadana.info\/index.php?rest_route=\/wp\/v2\/posts\/58492","targetHints":{"allow":["GET"]}}],"collection":[{"href":"http:\/\/www.alertaciudadana.info\/index.php?rest_route=\/wp\/v2\/posts"}],"about":[{"href":"http:\/\/www.alertaciudadana.info\/index.php?rest_route=\/wp\/v2\/types\/post"}],"author":[{"embeddable":true,"href":"http:\/\/www.alertaciudadana.info\/index.php?rest_route=\/wp\/v2\/users\/1"}],"replies":[{"embeddable":true,"href":"http:\/\/www.alertaciudadana.info\/index.php?rest_route=%2Fwp%2Fv2%2Fcomments&post=58492"}],"version-history":[{"count":1,"href":"http:\/\/www.alertaciudadana.info\/index.php?rest_route=\/wp\/v2\/posts\/58492\/revisions"}],"predecessor-version":[{"id":58494,"href":"http:\/\/www.alertaciudadana.info\/index.php?rest_route=\/wp\/v2\/posts\/58492\/revisions\/58494"}],"wp:featuredmedia":[{"embeddable":true,"href":"http:\/\/www.alertaciudadana.info\/index.php?rest_route=\/wp\/v2\/media\/58493"}],"wp:attachment":[{"href":"http:\/\/www.alertaciudadana.info\/index.php?rest_route=%2Fwp%2Fv2%2Fmedia&parent=58492"}],"wp:term":[{"taxonomy":"category","embeddable":true,"href":"http:\/\/www.alertaciudadana.info\/index.php?rest_route=%2Fwp%2Fv2%2Fcategories&post=58492"},{"taxonomy":"post_tag","embeddable":true,"href":"http:\/\/www.alertaciudadana.info\/index.php?rest_route=%2Fwp%2Fv2%2Ftags&post=58492"}],"curies":[{"name":"wp","href":"https:\/\/api.w.org\/{rel}","templated":true}]}}