{"id":57210,"date":"2021-01-09T03:22:40","date_gmt":"2021-01-09T03:22:40","guid":{"rendered":"http:\/\/www.alertaciudadana.info\/?p=57210"},"modified":"2021-01-09T03:22:40","modified_gmt":"2021-01-09T03:22:40","slug":"atrcaba-con-violencia-y-fue-detenido","status":"publish","type":"post","link":"http:\/\/www.alertaciudadana.info\/?p=57210","title":{"rendered":"Atrcaba con violencia y fue detenido"},"content":{"rendered":"<p><a href=\"http:\/\/www.alertaciudadana.info\/wp-content\/uploads\/2021\/01\/IMG-20210108-WA0188.jpg\" rel=\"attachment wp-att-57211\"><img loading=\"lazy\" decoding=\"async\" class=\"alignnone size-full wp-image-57211\" src=\"http:\/\/www.alertaciudadana.info\/wp-content\/uploads\/2021\/01\/IMG-20210108-WA0188.jpg\" alt=\"IMG-20210108-WA0188\" width=\"421\" height=\"569\" srcset=\"http:\/\/www.alertaciudadana.info\/wp-content\/uploads\/2021\/01\/IMG-20210108-WA0188.jpg 421w, http:\/\/www.alertaciudadana.info\/wp-content\/uploads\/2021\/01\/IMG-20210108-WA0188-222x300.jpg 222w\" sizes=\"auto, (max-width: 421px) 100vw, 421px\" \/><\/a><\/p>\n<h3>Tampico, Tamaulipas.- El Representante Social de la Fiscal\u00eda General de Justicia del Estado de Tamaulipas obtuvo la vinculaci\u00f3n a proceso en contra de Rutilo \u201cV\u201d por el delito de Robo con violencia en grado de tentativa.<\/h3>\n<h3>Un Juez de Control decret\u00f3 la medida, despu\u00e9s de que el Agente del Ministerio P\u00fablico presentara elementos de prueba que implican al imputado en el citado delito registrado el pasado 05 de enero en la colonia 18 de marzo de este municipio, cuando intent\u00f3 despojar de sus pertenencias a una mujer.<\/h3>\n<h3>La autoridad judicial tambi\u00e9n estableci\u00f3 que Rutilo \u201cV\u201d permanecer\u00e1 en prisi\u00f3n preventiva justificada por el tiempo que dure el proceso.<\/h3>\n<h3>La Fiscal\u00eda General de Justicia del Estado de Tamaulipas refrenda su compromiso de hacer uso de los medios jur\u00eddicos a su alcance para combatir al delito y llevar ante la justicia a quienes atenten en contra del patrimonio de los tamaulipecos.<\/h3>\n","protected":false},"excerpt":{"rendered":"<p>Tampico, Tamaulipas.- El Representante Social de la Fiscal\u00eda General de Justicia del Estado de Tamaulipas obtuvo la vinculaci\u00f3n a proceso&hellip;<\/p>\n","protected":false},"author":1,"featured_media":57211,"comment_status":"closed","ping_status":"closed","sticky":false,"template":"","format":"standard","meta":{"footnotes":""},"categories":[1,14],"tags":[],"class_list":["post-57210","post","type-post","status-publish","format-standard","has-post-thumbnail","hentry","category-destacados","category-tampico"],"_links":{"self":[{"href":"http:\/\/www.alertaciudadana.info\/index.php?rest_route=\/wp\/v2\/posts\/57210","targetHints":{"allow":["GET"]}}],"collection":[{"href":"http:\/\/www.alertaciudadana.info\/index.php?rest_route=\/wp\/v2\/posts"}],"about":[{"href":"http:\/\/www.alertaciudadana.info\/index.php?rest_route=\/wp\/v2\/types\/post"}],"author":[{"embeddable":true,"href":"http:\/\/www.alertaciudadana.info\/index.php?rest_route=\/wp\/v2\/users\/1"}],"replies":[{"embeddable":true,"href":"http:\/\/www.alertaciudadana.info\/index.php?rest_route=%2Fwp%2Fv2%2Fcomments&post=57210"}],"version-history":[{"count":1,"href":"http:\/\/www.alertaciudadana.info\/index.php?rest_route=\/wp\/v2\/posts\/57210\/revisions"}],"predecessor-version":[{"id":57212,"href":"http:\/\/www.alertaciudadana.info\/index.php?rest_route=\/wp\/v2\/posts\/57210\/revisions\/57212"}],"wp:featuredmedia":[{"embeddable":true,"href":"http:\/\/www.alertaciudadana.info\/index.php?rest_route=\/wp\/v2\/media\/57211"}],"wp:attachment":[{"href":"http:\/\/www.alertaciudadana.info\/index.php?rest_route=%2Fwp%2Fv2%2Fmedia&parent=57210"}],"wp:term":[{"taxonomy":"category","embeddable":true,"href":"http:\/\/www.alertaciudadana.info\/index.php?rest_route=%2Fwp%2Fv2%2Fcategories&post=57210"},{"taxonomy":"post_tag","embeddable":true,"href":"http:\/\/www.alertaciudadana.info\/index.php?rest_route=%2Fwp%2Fv2%2Ftags&post=57210"}],"curies":[{"name":"wp","href":"https:\/\/api.w.org\/{rel}","templated":true}]}}