{"id":56945,"date":"2020-12-30T14:53:34","date_gmt":"2020-12-30T14:53:34","guid":{"rendered":"http:\/\/www.alertaciudadana.info\/?p=56945"},"modified":"2020-12-30T14:54:16","modified_gmt":"2020-12-30T14:54:16","slug":"frio-y-lluvia-para-despedir-el-ano","status":"publish","type":"post","link":"http:\/\/www.alertaciudadana.info\/?p=56945","title":{"rendered":"Fr\u00edo y lluvias para despedir el a\u00f1o"},"content":{"rendered":"<h3>\u00a0<a href=\"http:\/\/www.alertaciudadana.info\/wp-content\/uploads\/2020\/12\/images-1.jpeg\" rel=\"attachment wp-att-56946\"><img loading=\"lazy\" decoding=\"async\" class=\"alignnone size-full wp-image-56946\" src=\"http:\/\/www.alertaciudadana.info\/wp-content\/uploads\/2020\/12\/images-1.jpeg\" alt=\"images\" width=\"679\" height=\"452\" srcset=\"http:\/\/www.alertaciudadana.info\/wp-content\/uploads\/2020\/12\/images-1.jpeg 679w, http:\/\/www.alertaciudadana.info\/wp-content\/uploads\/2020\/12\/images-1-300x200.jpeg 300w\" sizes=\"auto, (max-width: 679px) 100vw, 679px\" \/><\/a><\/h3>\n<h3>Javier Izaguirre Reynosa Tam.-El Servicio Nacional de Meteorolog\u00eda, esta emitiendo una alerta debido a arribo de un frente fr\u00edo que se espere ingrese, a primeras horas del d\u00eda jueves, se esperan temperaturas de los altos 22 grados hasta una m\u00ednima de los 6 grados cent\u00edgrados para el d\u00eda de ma\u00f1ana, as\u00ed mismo el dia 1 del a\u00f1o 2021 amaneceremos con una temperatura m\u00ednima de los 5 grados cent\u00edgrados, con una sensaci\u00f3n t\u00e9rmica de los 3 grados cent\u00edgrados, aumentando sus valores t\u00e9rmicos, hasta los 16 grados cent\u00edgrados.<\/h3>\n<h3>La lluvia se estar\u00e1 haciendo presente a partir del d\u00eda de hoy mi\u00e9rcoles en horas de la tarde-noche, adem\u00e1s de experimentar viento fuerte proveniente del norte, a una raz\u00f3n de los 30 a 40 kil\u00f3metros por hora.<\/h3>\n<h3>El \u00e1rea de sector salud recomienda no sacar a los menores por este sistema frontal, debido a que llegara acompa\u00f1ado de lluvia y viento, pudiendo causar, enfermedades vio respiratorias para menores y adultos.<\/h3>\n","protected":false},"excerpt":{"rendered":"<p>\u00a0 Javier Izaguirre Reynosa Tam.-El Servicio Nacional de Meteorolog\u00eda, esta emitiendo una alerta debido a arribo de un frente fr\u00edo&hellip;<\/p>\n","protected":false},"author":1,"featured_media":56946,"comment_status":"closed","ping_status":"closed","sticky":false,"template":"","format":"standard","meta":{"footnotes":""},"categories":[1,3],"tags":[],"class_list":["post-56945","post","type-post","status-publish","format-standard","has-post-thumbnail","hentry","category-destacados","category-riobravo"],"_links":{"self":[{"href":"http:\/\/www.alertaciudadana.info\/index.php?rest_route=\/wp\/v2\/posts\/56945","targetHints":{"allow":["GET"]}}],"collection":[{"href":"http:\/\/www.alertaciudadana.info\/index.php?rest_route=\/wp\/v2\/posts"}],"about":[{"href":"http:\/\/www.alertaciudadana.info\/index.php?rest_route=\/wp\/v2\/types\/post"}],"author":[{"embeddable":true,"href":"http:\/\/www.alertaciudadana.info\/index.php?rest_route=\/wp\/v2\/users\/1"}],"replies":[{"embeddable":true,"href":"http:\/\/www.alertaciudadana.info\/index.php?rest_route=%2Fwp%2Fv2%2Fcomments&post=56945"}],"version-history":[{"count":2,"href":"http:\/\/www.alertaciudadana.info\/index.php?rest_route=\/wp\/v2\/posts\/56945\/revisions"}],"predecessor-version":[{"id":56948,"href":"http:\/\/www.alertaciudadana.info\/index.php?rest_route=\/wp\/v2\/posts\/56945\/revisions\/56948"}],"wp:featuredmedia":[{"embeddable":true,"href":"http:\/\/www.alertaciudadana.info\/index.php?rest_route=\/wp\/v2\/media\/56946"}],"wp:attachment":[{"href":"http:\/\/www.alertaciudadana.info\/index.php?rest_route=%2Fwp%2Fv2%2Fmedia&parent=56945"}],"wp:term":[{"taxonomy":"category","embeddable":true,"href":"http:\/\/www.alertaciudadana.info\/index.php?rest_route=%2Fwp%2Fv2%2Fcategories&post=56945"},{"taxonomy":"post_tag","embeddable":true,"href":"http:\/\/www.alertaciudadana.info\/index.php?rest_route=%2Fwp%2Fv2%2Ftags&post=56945"}],"curies":[{"name":"wp","href":"https:\/\/api.w.org\/{rel}","templated":true}]}}