{"id":56309,"date":"2020-12-02T21:35:24","date_gmt":"2020-12-02T21:35:24","guid":{"rendered":"http:\/\/www.alertaciudadana.info\/?p=56309"},"modified":"2020-12-02T21:35:24","modified_gmt":"2020-12-02T21:35:24","slug":"gobernador-inicia-caceria-de-transitos-y-policias-corruptos","status":"publish","type":"post","link":"http:\/\/www.alertaciudadana.info\/?p=56309","title":{"rendered":"Gobernador inicia cacer\u00eda de tr\u00e1nsitos y polic\u00edas corruptos"},"content":{"rendered":"<p><a href=\"http:\/\/www.alertaciudadana.info\/wp-content\/uploads\/2020\/12\/TAM-213-2020.-Comunicado-del-Gobierno-de-Tamaulipas-3.jpg\" rel=\"attachment wp-att-56313\"><img loading=\"lazy\" decoding=\"async\" class=\"alignnone size-full wp-image-56313\" src=\"http:\/\/www.alertaciudadana.info\/wp-content\/uploads\/2020\/12\/TAM-213-2020.-Comunicado-del-Gobierno-de-Tamaulipas-3.jpg\" alt=\"TAM-213-2020.-Comunicado del Gobierno de Tamaulipas (3)\" width=\"5760\" height=\"3840\" srcset=\"http:\/\/www.alertaciudadana.info\/wp-content\/uploads\/2020\/12\/TAM-213-2020.-Comunicado-del-Gobierno-de-Tamaulipas-3.jpg 5760w, http:\/\/www.alertaciudadana.info\/wp-content\/uploads\/2020\/12\/TAM-213-2020.-Comunicado-del-Gobierno-de-Tamaulipas-3-300x200.jpg 300w, http:\/\/www.alertaciudadana.info\/wp-content\/uploads\/2020\/12\/TAM-213-2020.-Comunicado-del-Gobierno-de-Tamaulipas-3-768x512.jpg 768w, http:\/\/www.alertaciudadana.info\/wp-content\/uploads\/2020\/12\/TAM-213-2020.-Comunicado-del-Gobierno-de-Tamaulipas-3-1024x683.jpg 1024w\" sizes=\"auto, (max-width: 5760px) 100vw, 5760px\" \/><\/a><\/p>\n<h3>Ciudad Victoria, Tamaulipas.- El Gobernador, Francisco Garc\u00eda Cabeza de Vaca, anunci\u00f3 que su administraci\u00f3n mantendr\u00e1 mano firme en la lucha contra la corrupci\u00f3n en los cuerpos policiacos al refrendar el compromiso contra\u00eddo con las familias de la entidad de contar con departamentos de tr\u00e1nsito eficientes y confiables.<\/h3>\n<h3>En la conferencia de prensa semanal, el mandatario se refiri\u00f3 a las acciones llevadas a cabo por el Secretariado Ejecutivo del Sistema Estatal de Seguridad P\u00fablica en Ciudad Madero esta semana, de acuerdo a sus facultades y en las que se les da seguimiento a presuntos actos de corrupci\u00f3n en contra de agentes de Tr\u00e1nsito por las que existen abiertas ya varias carpetas de investigaci\u00f3n.<\/h3>\n<h3>\u00abAhora se ha detectado que en algunos lugares los tr\u00e1nsitos no es tan haciendo sus funciones pero no solamente eso, sino hay alto grado de corrupci\u00f3n; los videos que salieron en Madero, donde pues llegan a los extremos, yo nunca hab\u00eda visto eso que utilizan una clave para poder transitar en la ciudad pareciera ser que est\u00e1n realmente organizados, (por) eso ya existen denuncias al respecto, se est\u00e1 haciendo una investigaci\u00f3n hay varias carpetas de investigaci\u00f3n por parte de la Fiscal\u00eda General de Justicia.<\/h3>\n<h3>\u00ab, dijo el mandatario. Agreg\u00f3 que \u00ablo que les puedo yo decir es por otro lado por el tema de los ex\u00e1menes antidoping, llega a la autoridad, se hacen los ex\u00e1menes y todo aquel que no quiera hacerlo, pues pr\u00e1cticamente es sospechoso ya\u00bb.<\/h3>\n","protected":false},"excerpt":{"rendered":"<p>Ciudad Victoria, Tamaulipas.- El Gobernador, Francisco Garc\u00eda Cabeza de Vaca, anunci\u00f3 que su administraci\u00f3n mantendr\u00e1 mano firme en la lucha&hellip;<\/p>\n","protected":false},"author":1,"featured_media":56313,"comment_status":"closed","ping_status":"closed","sticky":false,"template":"","format":"standard","meta":{"footnotes":""},"categories":[16,1],"tags":[],"class_list":["post-56309","post","type-post","status-publish","format-standard","has-post-thumbnail","hentry","category-ciudadvictoria","category-destacados"],"_links":{"self":[{"href":"http:\/\/www.alertaciudadana.info\/index.php?rest_route=\/wp\/v2\/posts\/56309","targetHints":{"allow":["GET"]}}],"collection":[{"href":"http:\/\/www.alertaciudadana.info\/index.php?rest_route=\/wp\/v2\/posts"}],"about":[{"href":"http:\/\/www.alertaciudadana.info\/index.php?rest_route=\/wp\/v2\/types\/post"}],"author":[{"embeddable":true,"href":"http:\/\/www.alertaciudadana.info\/index.php?rest_route=\/wp\/v2\/users\/1"}],"replies":[{"embeddable":true,"href":"http:\/\/www.alertaciudadana.info\/index.php?rest_route=%2Fwp%2Fv2%2Fcomments&post=56309"}],"version-history":[{"count":1,"href":"http:\/\/www.alertaciudadana.info\/index.php?rest_route=\/wp\/v2\/posts\/56309\/revisions"}],"predecessor-version":[{"id":56315,"href":"http:\/\/www.alertaciudadana.info\/index.php?rest_route=\/wp\/v2\/posts\/56309\/revisions\/56315"}],"wp:featuredmedia":[{"embeddable":true,"href":"http:\/\/www.alertaciudadana.info\/index.php?rest_route=\/wp\/v2\/media\/56313"}],"wp:attachment":[{"href":"http:\/\/www.alertaciudadana.info\/index.php?rest_route=%2Fwp%2Fv2%2Fmedia&parent=56309"}],"wp:term":[{"taxonomy":"category","embeddable":true,"href":"http:\/\/www.alertaciudadana.info\/index.php?rest_route=%2Fwp%2Fv2%2Fcategories&post=56309"},{"taxonomy":"post_tag","embeddable":true,"href":"http:\/\/www.alertaciudadana.info\/index.php?rest_route=%2Fwp%2Fv2%2Ftags&post=56309"}],"curies":[{"name":"wp","href":"https:\/\/api.w.org\/{rel}","templated":true}]}}