{"id":56116,"date":"2020-11-25T00:12:42","date_gmt":"2020-11-25T00:12:42","guid":{"rendered":"http:\/\/www.alertaciudadana.info\/?p=56116"},"modified":"2020-11-25T00:12:42","modified_gmt":"2020-11-25T00:12:42","slug":"best-buy-cierra-sus-tiendas-en-mexico","status":"publish","type":"post","link":"http:\/\/www.alertaciudadana.info\/?p=56116","title":{"rendered":"Best Buy cierra sus tiendas en M\u00e9xico"},"content":{"rendered":"<p><a href=\"http:\/\/www.alertaciudadana.info\/wp-content\/uploads\/2020\/11\/Screenshot_20201124-181059_Chrome.jpg\" rel=\"attachment wp-att-56117\"><img loading=\"lazy\" decoding=\"async\" class=\"alignnone size-full wp-image-56117\" src=\"http:\/\/www.alertaciudadana.info\/wp-content\/uploads\/2020\/11\/Screenshot_20201124-181059_Chrome.jpg\" alt=\"Screenshot_20201124-181059_Chrome\" width=\"947\" height=\"635\" srcset=\"http:\/\/www.alertaciudadana.info\/wp-content\/uploads\/2020\/11\/Screenshot_20201124-181059_Chrome.jpg 947w, http:\/\/www.alertaciudadana.info\/wp-content\/uploads\/2020\/11\/Screenshot_20201124-181059_Chrome-300x201.jpg 300w, http:\/\/www.alertaciudadana.info\/wp-content\/uploads\/2020\/11\/Screenshot_20201124-181059_Chrome-768x515.jpg 768w\" sizes=\"auto, (max-width: 947px) 100vw, 947px\" \/><\/a><\/p>\n<p>NACIONAL.- \u2309La reconocida cadena de establecimientos especializados en tecnolog\u00eda, Best Buy, anunciar\u00e1 hoy el cierre de sus 41 sucursales en M\u00e9xico a partir del 31 de diciembre de este a\u00f1o. La pandemia del coronavirus hace ya inviable su negocio en el territorio nacional.<\/p>\n<p>Tras 9 a\u00f1os y 6 meses de liderar la marca en M\u00e9xico, Fernando Silva habr\u00eda declarado que los efectos de la emergencia sanitaria han sido \u00abprofundos\u00bb en la firma fundada en Minnesota, Estados Unidos.<\/p>\n<p>Seg\u00fan el portal electr\u00f3nico dirigido por Enrique Quintana, el anuncio se dar\u00e1 a conocer hoy a los inversionistas. Tambi\u00e9n, detalla lo que ser\u00eda la ruta cr\u00edtica a partir de los siguientes d\u00edas:<\/p>\n<ul>\n<li>La empresa se compromete a concluir la relaci\u00f3n laboral con sus empleados en t\u00e9rminos \u201cm\u00e1s favorables a los establecidos por la ley\u201d.<\/li>\n<li>La compa\u00f1\u00eda capacitar\u00e1 a sus colaboradores para buscar un empleo, crear un cv y aprovechar mejor las entrevistas.<\/li>\n<li>Best Buy M\u00e9xico extender\u00e1 a todo el a\u00f1o 2021 los seguros de vida y de gastos m\u00e9dicos mayores a sus empleados.<\/li>\n<li>La firma surtir\u00e1 todos los pedidos que se han realizado hasta el momento y los que se hagan hasta el 31 de diciembre.<\/li>\n<\/ul>\n<div id=\"div-gpt-ad-inread-5fbd10fbadb5ea001315400a\" data-name=\"inread\" data-size=\"[[336,250], [300,250]]\"><\/div>\n<p>En las redes sociales de la marca, sin embargo, las ofertas contin\u00faan.<\/p>\n<p>Desde hace 17 horas, en Facebook, pueden verse artes y afiches de regalos sugeridos para mam\u00e1: dispositivos de Amazon, celulares y un procesador de alimentos encabezan la lista.<\/p>\n<p>D\u00edas antes de que la pandemia por coronavirus obligara al cierre total del pa\u00eds, Best Buy M\u00e9xico anunci\u00f3 su incursi\u00f3n en el negocio de reparaciones.<\/p>\n<p>\u00abEstamos, literal, iniciando la incursi\u00f3n en este nicho donde vemos un gran potencial, porque el valor de estos aparatos est\u00e1 alcanzando niveles altos y es cada vez m\u00e1s la gente que opta por reparar un celular o lap antes que comprar otro\u00bb, sostuvo Ricardo Rivera, vocero de Best Buy el 23 de febrero de 2020.<\/p>\n<div id=\"div-gpt-ad-inread-2-5fbd10fbadb5ea001315400a\" data-name=\"inread\" data-size=\"[[336,250], [300,250]]\"><\/div>\n<p>El 18 de octubre, en tanto, Rivera\u00a0inform\u00f3 que la venta de computadoras se hab\u00eda disparado m\u00e1s del 50% en sus establecimientos mexicanos. La demanda era tal, que la empresa hab\u00eda comenzado a ofrecer en agosto algunos equipos en planes de renta con opci\u00f3n de venta.<\/p>\n<p>Sin embargo, el tiempo no habr\u00eda sido suficiente para recuperar la compa\u00f1\u00eda del confinamiento que oblig\u00f3 el cierre de sus sucursales.<\/p>\n","protected":false},"excerpt":{"rendered":"<p>NACIONAL.- \u2309La reconocida cadena de establecimientos especializados en tecnolog\u00eda, Best Buy, anunciar\u00e1 hoy el cierre de sus 41 sucursales en&hellip;<\/p>\n","protected":false},"author":1,"featured_media":56117,"comment_status":"closed","ping_status":"closed","sticky":false,"template":"","format":"standard","meta":{"footnotes":""},"categories":[1,5],"tags":[],"class_list":["post-56116","post","type-post","status-publish","format-standard","has-post-thumbnail","hentry","category-destacados","category-nacional"],"_links":{"self":[{"href":"http:\/\/www.alertaciudadana.info\/index.php?rest_route=\/wp\/v2\/posts\/56116","targetHints":{"allow":["GET"]}}],"collection":[{"href":"http:\/\/www.alertaciudadana.info\/index.php?rest_route=\/wp\/v2\/posts"}],"about":[{"href":"http:\/\/www.alertaciudadana.info\/index.php?rest_route=\/wp\/v2\/types\/post"}],"author":[{"embeddable":true,"href":"http:\/\/www.alertaciudadana.info\/index.php?rest_route=\/wp\/v2\/users\/1"}],"replies":[{"embeddable":true,"href":"http:\/\/www.alertaciudadana.info\/index.php?rest_route=%2Fwp%2Fv2%2Fcomments&post=56116"}],"version-history":[{"count":1,"href":"http:\/\/www.alertaciudadana.info\/index.php?rest_route=\/wp\/v2\/posts\/56116\/revisions"}],"predecessor-version":[{"id":56118,"href":"http:\/\/www.alertaciudadana.info\/index.php?rest_route=\/wp\/v2\/posts\/56116\/revisions\/56118"}],"wp:featuredmedia":[{"embeddable":true,"href":"http:\/\/www.alertaciudadana.info\/index.php?rest_route=\/wp\/v2\/media\/56117"}],"wp:attachment":[{"href":"http:\/\/www.alertaciudadana.info\/index.php?rest_route=%2Fwp%2Fv2%2Fmedia&parent=56116"}],"wp:term":[{"taxonomy":"category","embeddable":true,"href":"http:\/\/www.alertaciudadana.info\/index.php?rest_route=%2Fwp%2Fv2%2Fcategories&post=56116"},{"taxonomy":"post_tag","embeddable":true,"href":"http:\/\/www.alertaciudadana.info\/index.php?rest_route=%2Fwp%2Fv2%2Ftags&post=56116"}],"curies":[{"name":"wp","href":"https:\/\/api.w.org\/{rel}","templated":true}]}}