{"id":52914,"date":"2020-08-05T16:40:19","date_gmt":"2020-08-05T16:40:19","guid":{"rendered":"http:\/\/www.alertaciudadana.info\/?p=52914"},"modified":"2020-08-05T16:40:19","modified_gmt":"2020-08-05T16:40:19","slug":"tras-las-rejas-homicida-de-reynosa","status":"publish","type":"post","link":"http:\/\/www.alertaciudadana.info\/?p=52914","title":{"rendered":"Tras las rejas Homicida de Reynosa"},"content":{"rendered":"<p><a href=\"http:\/\/www.alertaciudadana.info\/wp-content\/uploads\/2020\/08\/IMG-20200805-WA0040.jpg\" rel=\"attachment wp-att-52915\"><img loading=\"lazy\" decoding=\"async\" class=\"alignnone size-full wp-image-52915\" src=\"http:\/\/www.alertaciudadana.info\/wp-content\/uploads\/2020\/08\/IMG-20200805-WA0040.jpg\" alt=\"IMG-20200805-WA0040\" width=\"421\" height=\"569\" srcset=\"http:\/\/www.alertaciudadana.info\/wp-content\/uploads\/2020\/08\/IMG-20200805-WA0040.jpg 421w, http:\/\/www.alertaciudadana.info\/wp-content\/uploads\/2020\/08\/IMG-20200805-WA0040-222x300.jpg 222w\" sizes=\"auto, (max-width: 421px) 100vw, 421px\" \/><\/a><\/p>\n<h3>Reynosa, Tamaulipas.- La Fiscal\u00eda General de Justicia del Estado de Tamaulipas informa que fue vinculado a proceso \u00d3scar Alberto \u201cO\u201d por el delito de homicidio calificado, con los agravantes de alevos\u00eda y ventaja.<\/h3>\n<h3>El Agente del Ministerio P\u00fablico present\u00f3 ante la autoridad judicial elementos que implican al imputado en el citado delito, ocurrido la noche del 7 de febrero en la colonia Ferrocarril Sur uno del municipio de R\u00edo Bravo.<\/h3>\n<h3>Asimismo, el Juzgador estableci\u00f3 seis meses de plazo para el cierre de la investigaci\u00f3n complementaria y prisi\u00f3n preventiva para \u00d3scar Alberto \u201cO\u201d por el tiempo que dure el proceso.<\/h3>\n<h3>Es de se\u00f1alar que el imputado fue detenido el pasado 30 de julio en el municipio de Cuautla, en el estado de Morelos, con apoyo de la Fiscal\u00eda General de Justicia de aquella entidad. La Fiscal\u00eda General de Justicia del Estado de Tamaulipas refrenda su compromiso de trabajar para no dejar impunes aquellos actos que lesionan a la sociedad y atentan contra la vida de los tamaulipecos. &#8212;-<\/h3>\n","protected":false},"excerpt":{"rendered":"<p>Reynosa, Tamaulipas.- La Fiscal\u00eda General de Justicia del Estado de Tamaulipas informa que fue vinculado a proceso \u00d3scar Alberto \u201cO\u201d&hellip;<\/p>\n","protected":false},"author":1,"featured_media":52915,"comment_status":"closed","ping_status":"closed","sticky":false,"template":"","format":"standard","meta":{"footnotes":""},"categories":[1,8],"tags":[],"class_list":["post-52914","post","type-post","status-publish","format-standard","has-post-thumbnail","hentry","category-destacados","category-policiaca"],"_links":{"self":[{"href":"http:\/\/www.alertaciudadana.info\/index.php?rest_route=\/wp\/v2\/posts\/52914","targetHints":{"allow":["GET"]}}],"collection":[{"href":"http:\/\/www.alertaciudadana.info\/index.php?rest_route=\/wp\/v2\/posts"}],"about":[{"href":"http:\/\/www.alertaciudadana.info\/index.php?rest_route=\/wp\/v2\/types\/post"}],"author":[{"embeddable":true,"href":"http:\/\/www.alertaciudadana.info\/index.php?rest_route=\/wp\/v2\/users\/1"}],"replies":[{"embeddable":true,"href":"http:\/\/www.alertaciudadana.info\/index.php?rest_route=%2Fwp%2Fv2%2Fcomments&post=52914"}],"version-history":[{"count":1,"href":"http:\/\/www.alertaciudadana.info\/index.php?rest_route=\/wp\/v2\/posts\/52914\/revisions"}],"predecessor-version":[{"id":52916,"href":"http:\/\/www.alertaciudadana.info\/index.php?rest_route=\/wp\/v2\/posts\/52914\/revisions\/52916"}],"wp:featuredmedia":[{"embeddable":true,"href":"http:\/\/www.alertaciudadana.info\/index.php?rest_route=\/wp\/v2\/media\/52915"}],"wp:attachment":[{"href":"http:\/\/www.alertaciudadana.info\/index.php?rest_route=%2Fwp%2Fv2%2Fmedia&parent=52914"}],"wp:term":[{"taxonomy":"category","embeddable":true,"href":"http:\/\/www.alertaciudadana.info\/index.php?rest_route=%2Fwp%2Fv2%2Fcategories&post=52914"},{"taxonomy":"post_tag","embeddable":true,"href":"http:\/\/www.alertaciudadana.info\/index.php?rest_route=%2Fwp%2Fv2%2Ftags&post=52914"}],"curies":[{"name":"wp","href":"https:\/\/api.w.org\/{rel}","templated":true}]}}