{"id":52428,"date":"2020-07-21T18:38:41","date_gmt":"2020-07-21T18:38:41","guid":{"rendered":"http:\/\/www.alertaciudadana.info\/?p=52428"},"modified":"2020-07-21T18:39:47","modified_gmt":"2020-07-21T18:39:47","slug":"secuestran-a-9-migrantes","status":"publish","type":"post","link":"http:\/\/www.alertaciudadana.info\/?p=52428","title":{"rendered":"Secuestran a 9 migrantes"},"content":{"rendered":"<p><a href=\"http:\/\/www.alertaciudadana.info\/wp-content\/uploads\/2020\/07\/1595356442260.jpg\" rel=\"attachment wp-att-52429\"><img loading=\"lazy\" decoding=\"async\" class=\"alignnone size-full wp-image-52429\" src=\"http:\/\/www.alertaciudadana.info\/wp-content\/uploads\/2020\/07\/1595356442260.jpg\" alt=\"1595356442260\" width=\"954\" height=\"665\" srcset=\"http:\/\/www.alertaciudadana.info\/wp-content\/uploads\/2020\/07\/1595356442260.jpg 954w, http:\/\/www.alertaciudadana.info\/wp-content\/uploads\/2020\/07\/1595356442260-300x209.jpg 300w, http:\/\/www.alertaciudadana.info\/wp-content\/uploads\/2020\/07\/1595356442260-768x535.jpg 768w\" sizes=\"auto, (max-width: 954px) 100vw, 954px\" \/><\/a><\/p>\n<h2>Nuevo Laredo, Tam. &#8211;\u00a0El Gobierno del Estado a trav\u00e9s de la Secretar\u00eda de Seguridad P\u00fablica informa que en este municipio, personal de la Polic\u00eda Estatal rescat\u00f3 a 9 migrantes, 8 de ellos mexicanos y uno de origen salvadore\u00f1o.<\/h2>\n<h2>Alrededor de las 14:30, durante un recorrido de seguridad y vigilancia en las inmediaciones de la Colonia Los Arcos, elementos estatales observaron a un hombre salir corriendo de un domicilio en condici\u00f3n de abandono, sin que se le lograra dar alcance.<\/h2>\n<h2>Al proceder a realizar una inspecci\u00f3n del lugar ubicado sobre la calle R\u00edo Loira, escucharon gritos de auxilio, saliendo del inmueble 9 hombres, quienes dijeron haber estados privados de su libertad durante 4 d\u00edas, en espera de ser llevados a los Estados Unidos.<\/h2>\n<h2>Durante la entrevista, dos migrantes dijeron ser de Zacatecas, el resto de Jalisco, Nuevo Le\u00f3n, Puebla, Guerrero, Estado de M\u00e9xico y Tamaulipas, mientras que uno mas dijo ser originario de El Salvador.<\/h2>\n<h2>Tras brindarles hidrataci\u00f3n y algo de comida, los hombres fueron trasladados para una valoraci\u00f3n m\u00e9dica y posteriormente ser llevados a declarar ante la Agencia del Ministerio P\u00fablico de la Fiscal\u00eda General de Justicia del Estado (FGJE); en lo que corresponde al ciudadano centroamericano, el Instituto Nacional de Migraci\u00f3n se encargar\u00e1 de revisar su estatus legal en territorio mexicano.<\/h2>\n","protected":false},"excerpt":{"rendered":"<p>Nuevo Laredo, Tam. &#8211;\u00a0El Gobierno del Estado a trav\u00e9s de la Secretar\u00eda de Seguridad P\u00fablica informa que en este municipio,&hellip;<\/p>\n","protected":false},"author":1,"featured_media":52429,"comment_status":"closed","ping_status":"closed","sticky":false,"template":"","format":"standard","meta":{"footnotes":""},"categories":[16,1,8,4],"tags":[],"class_list":["post-52428","post","type-post","status-publish","format-standard","has-post-thumbnail","hentry","category-ciudadvictoria","category-destacados","category-policiaca","category-tamaulipas"],"_links":{"self":[{"href":"http:\/\/www.alertaciudadana.info\/index.php?rest_route=\/wp\/v2\/posts\/52428","targetHints":{"allow":["GET"]}}],"collection":[{"href":"http:\/\/www.alertaciudadana.info\/index.php?rest_route=\/wp\/v2\/posts"}],"about":[{"href":"http:\/\/www.alertaciudadana.info\/index.php?rest_route=\/wp\/v2\/types\/post"}],"author":[{"embeddable":true,"href":"http:\/\/www.alertaciudadana.info\/index.php?rest_route=\/wp\/v2\/users\/1"}],"replies":[{"embeddable":true,"href":"http:\/\/www.alertaciudadana.info\/index.php?rest_route=%2Fwp%2Fv2%2Fcomments&post=52428"}],"version-history":[{"count":1,"href":"http:\/\/www.alertaciudadana.info\/index.php?rest_route=\/wp\/v2\/posts\/52428\/revisions"}],"predecessor-version":[{"id":52430,"href":"http:\/\/www.alertaciudadana.info\/index.php?rest_route=\/wp\/v2\/posts\/52428\/revisions\/52430"}],"wp:featuredmedia":[{"embeddable":true,"href":"http:\/\/www.alertaciudadana.info\/index.php?rest_route=\/wp\/v2\/media\/52429"}],"wp:attachment":[{"href":"http:\/\/www.alertaciudadana.info\/index.php?rest_route=%2Fwp%2Fv2%2Fmedia&parent=52428"}],"wp:term":[{"taxonomy":"category","embeddable":true,"href":"http:\/\/www.alertaciudadana.info\/index.php?rest_route=%2Fwp%2Fv2%2Fcategories&post=52428"},{"taxonomy":"post_tag","embeddable":true,"href":"http:\/\/www.alertaciudadana.info\/index.php?rest_route=%2Fwp%2Fv2%2Ftags&post=52428"}],"curies":[{"name":"wp","href":"https:\/\/api.w.org\/{rel}","templated":true}]}}