{"id":52161,"date":"2020-07-10T23:22:08","date_gmt":"2020-07-10T23:22:08","guid":{"rendered":"http:\/\/www.alertaciudadana.info\/?p=52161"},"modified":"2020-07-10T23:22:08","modified_gmt":"2020-07-10T23:22:08","slug":"puentes-internacionales-cerrados-hasta-agosto","status":"publish","type":"post","link":"http:\/\/www.alertaciudadana.info\/?p=52161","title":{"rendered":"Puentes Internacionales cerrados hasta Agosto"},"content":{"rendered":"<p><a href=\"http:\/\/www.alertaciudadana.info\/wp-content\/uploads\/2020\/07\/20200710_181305.jpg\" rel=\"attachment wp-att-52162\"><img loading=\"lazy\" decoding=\"async\" class=\"alignnone size-full wp-image-52162\" src=\"http:\/\/www.alertaciudadana.info\/wp-content\/uploads\/2020\/07\/20200710_181305.jpg\" alt=\"20200710_181305\" width=\"740\" height=\"479\" srcset=\"http:\/\/www.alertaciudadana.info\/wp-content\/uploads\/2020\/07\/20200710_181305.jpg 740w, http:\/\/www.alertaciudadana.info\/wp-content\/uploads\/2020\/07\/20200710_181305-300x194.jpg 300w\" sizes=\"auto, (max-width: 740px) 100vw, 740px\" \/><\/a><\/p>\n<h2>Edith Jim\u00e9nez<\/h2>\n<h2>Reynosa, Tam.-\u00a0 Al estar por concluir el plazo sobre el limite en el cruce de turistas y viajes no esenciales hacia Estados Unidos se dio a conocer que el plazo nuevamente ser\u00e1 ampliado hasta el 21 de agosto.<\/h2>\n<h2>El Secretario de Relaciones Rxteriores en el pa\u00eds, Marcelo Ebrard dio a conocer en rueda de prensa que la decisi\u00f3n se tom\u00f3 debido al repunte en casos en las coidades fronterizas.<\/h2>\n<h2>Los cruces fronterizos fueron cerrados desde el pasado mes de marzo y se esperaba que este 21 de julio se reabrieran, sin embargo el plazo ser\u00e1 ampliafo 30 d\u00edas m\u00e1s.<\/h2>\n<h2><\/h2>\n","protected":false},"excerpt":{"rendered":"<p>Edith Jim\u00e9nez Reynosa, Tam.-\u00a0 Al estar por concluir el plazo sobre el limite en el cruce de turistas y viajes&hellip;<\/p>\n","protected":false},"author":1,"featured_media":52162,"comment_status":"closed","ping_status":"closed","sticky":false,"template":"","format":"standard","meta":{"footnotes":""},"categories":[1,2],"tags":[],"class_list":["post-52161","post","type-post","status-publish","format-standard","has-post-thumbnail","hentry","category-destacados","category-reynosa"],"_links":{"self":[{"href":"http:\/\/www.alertaciudadana.info\/index.php?rest_route=\/wp\/v2\/posts\/52161","targetHints":{"allow":["GET"]}}],"collection":[{"href":"http:\/\/www.alertaciudadana.info\/index.php?rest_route=\/wp\/v2\/posts"}],"about":[{"href":"http:\/\/www.alertaciudadana.info\/index.php?rest_route=\/wp\/v2\/types\/post"}],"author":[{"embeddable":true,"href":"http:\/\/www.alertaciudadana.info\/index.php?rest_route=\/wp\/v2\/users\/1"}],"replies":[{"embeddable":true,"href":"http:\/\/www.alertaciudadana.info\/index.php?rest_route=%2Fwp%2Fv2%2Fcomments&post=52161"}],"version-history":[{"count":1,"href":"http:\/\/www.alertaciudadana.info\/index.php?rest_route=\/wp\/v2\/posts\/52161\/revisions"}],"predecessor-version":[{"id":52163,"href":"http:\/\/www.alertaciudadana.info\/index.php?rest_route=\/wp\/v2\/posts\/52161\/revisions\/52163"}],"wp:featuredmedia":[{"embeddable":true,"href":"http:\/\/www.alertaciudadana.info\/index.php?rest_route=\/wp\/v2\/media\/52162"}],"wp:attachment":[{"href":"http:\/\/www.alertaciudadana.info\/index.php?rest_route=%2Fwp%2Fv2%2Fmedia&parent=52161"}],"wp:term":[{"taxonomy":"category","embeddable":true,"href":"http:\/\/www.alertaciudadana.info\/index.php?rest_route=%2Fwp%2Fv2%2Fcategories&post=52161"},{"taxonomy":"post_tag","embeddable":true,"href":"http:\/\/www.alertaciudadana.info\/index.php?rest_route=%2Fwp%2Fv2%2Ftags&post=52161"}],"curies":[{"name":"wp","href":"https:\/\/api.w.org\/{rel}","templated":true}]}}