{"id":51710,"date":"2020-06-26T01:07:40","date_gmt":"2020-06-26T01:07:40","guid":{"rendered":"http:\/\/www.alertaciudadana.info\/?p=51710"},"modified":"2020-06-26T01:07:40","modified_gmt":"2020-06-26T01:07:40","slug":"fallece-tras-esperar-2-horas-camilla-afuera-de-hospital-270","status":"publish","type":"post","link":"http:\/\/www.alertaciudadana.info\/?p=51710","title":{"rendered":"Fallece tras esperar 2 horas camilla afuera de hospital 270"},"content":{"rendered":"<p><a href=\"http:\/\/www.alertaciudadana.info\/wp-content\/uploads\/2020\/06\/WaterMark_2020-06-25-19-13-53.jpg\" rel=\"attachment wp-att-51704\"><img loading=\"lazy\" decoding=\"async\" class=\"alignnone size-full wp-image-51704\" src=\"http:\/\/www.alertaciudadana.info\/wp-content\/uploads\/2020\/06\/WaterMark_2020-06-25-19-13-53.jpg\" alt=\"WaterMark_2020-06-25-19-13-53\" width=\"1080\" height=\"810\" srcset=\"http:\/\/www.alertaciudadana.info\/wp-content\/uploads\/2020\/06\/WaterMark_2020-06-25-19-13-53.jpg 1080w, http:\/\/www.alertaciudadana.info\/wp-content\/uploads\/2020\/06\/WaterMark_2020-06-25-19-13-53-300x225.jpg 300w, http:\/\/www.alertaciudadana.info\/wp-content\/uploads\/2020\/06\/WaterMark_2020-06-25-19-13-53-768x576.jpg 768w, http:\/\/www.alertaciudadana.info\/wp-content\/uploads\/2020\/06\/WaterMark_2020-06-25-19-13-53-1024x768.jpg 1024w\" sizes=\"auto, (max-width: 1080px) 100vw, 1080px\" \/><\/a><a href=\"http:\/\/www.alertaciudadana.info\/wp-content\/uploads\/2020\/06\/WaterMark_2020-06-25-19-14-02.jpg\" rel=\"attachment wp-att-51703\"><img loading=\"lazy\" decoding=\"async\" class=\"alignnone size-full wp-image-51703\" src=\"http:\/\/www.alertaciudadana.info\/wp-content\/uploads\/2020\/06\/WaterMark_2020-06-25-19-14-02.jpg\" alt=\"WaterMark_2020-06-25-19-14-02\" width=\"1080\" height=\"810\" srcset=\"http:\/\/www.alertaciudadana.info\/wp-content\/uploads\/2020\/06\/WaterMark_2020-06-25-19-14-02.jpg 1080w, http:\/\/www.alertaciudadana.info\/wp-content\/uploads\/2020\/06\/WaterMark_2020-06-25-19-14-02-300x225.jpg 300w, http:\/\/www.alertaciudadana.info\/wp-content\/uploads\/2020\/06\/WaterMark_2020-06-25-19-14-02-768x576.jpg 768w, http:\/\/www.alertaciudadana.info\/wp-content\/uploads\/2020\/06\/WaterMark_2020-06-25-19-14-02-1024x768.jpg 1024w\" sizes=\"auto, (max-width: 1080px) 100vw, 1080px\" \/><\/a><\/p>\n<h3>Javier Izaguirre Reynosa Tam.-En horas de la ma\u00f1ana una persona fue llevada al hospital 270 de la ciudad de Reynosa, mencionando los familiares ten\u00eda problemas de salud principalmente respiratorios, en el transcurso de la ma\u00f1ana se mencion\u00f3 hab\u00eda sido atendido por parte de personal m\u00e9dico del \u00e1rea de protecci\u00f3n civil Reynosa, quienes le checaron la presi\u00f3n, as\u00ed como ox\u00edgeno corporal, poni\u00e9ndole una mascarilla con ox\u00edgeno para que pudiera respirar bien, mencionando el paciente que se sent\u00eda mejor, pero que a\u00fan as\u00ed requer\u00eda de atenci\u00f3n m\u00e9dica.<\/h3>\n<h3>Familiares del ahora fallecido mencionaron que este fue trasladado en una camioneta particular en la parte trasera de la misma, llegando a la cl\u00ednica 270 que se encuentra en la salida a San Fernando, al momento de su llegada este comenz\u00f3 a sentirse m\u00e1s mal de saludo, pidiendo la atenci\u00f3n m\u00e9dica, esta persona estuvo m\u00e1s de hora y media a las afueras de urgencia en la parte trasera de la camioneta, comenzando a tener m\u00e1s dificultad para respirar, a tal grado de que perdi\u00f3 la vida en minutos.<\/h3>\n<h3>Familiares del ahora fallecido comentaron que se les pidi\u00f3 al personal m\u00e9dico se le diera la atenci\u00f3n debida antes de que perdiera la vida, m\u00e1s sin embargo la ayuda nunca lleg\u00f3 para hacerles menci\u00f3n que la persona que padec\u00eda de presi\u00f3n alta habr\u00eda muerto de COVID-19, lo que caus\u00f3 la indignaci\u00f3n de la familia pidiendo el cuerpo para poder darle el \u00faltimo adi\u00f3s.<\/h3>\n","protected":false},"excerpt":{"rendered":"<p>Javier Izaguirre Reynosa Tam.-En horas de la ma\u00f1ana una persona fue llevada al hospital 270 de la ciudad de Reynosa,&hellip;<\/p>\n","protected":false},"author":1,"featured_media":51711,"comment_status":"closed","ping_status":"closed","sticky":false,"template":"","format":"standard","meta":{"footnotes":""},"categories":[1,2],"tags":[],"class_list":["post-51710","post","type-post","status-publish","format-standard","has-post-thumbnail","hentry","category-destacados","category-reynosa"],"_links":{"self":[{"href":"http:\/\/www.alertaciudadana.info\/index.php?rest_route=\/wp\/v2\/posts\/51710","targetHints":{"allow":["GET"]}}],"collection":[{"href":"http:\/\/www.alertaciudadana.info\/index.php?rest_route=\/wp\/v2\/posts"}],"about":[{"href":"http:\/\/www.alertaciudadana.info\/index.php?rest_route=\/wp\/v2\/types\/post"}],"author":[{"embeddable":true,"href":"http:\/\/www.alertaciudadana.info\/index.php?rest_route=\/wp\/v2\/users\/1"}],"replies":[{"embeddable":true,"href":"http:\/\/www.alertaciudadana.info\/index.php?rest_route=%2Fwp%2Fv2%2Fcomments&post=51710"}],"version-history":[{"count":2,"href":"http:\/\/www.alertaciudadana.info\/index.php?rest_route=\/wp\/v2\/posts\/51710\/revisions"}],"predecessor-version":[{"id":51713,"href":"http:\/\/www.alertaciudadana.info\/index.php?rest_route=\/wp\/v2\/posts\/51710\/revisions\/51713"}],"wp:featuredmedia":[{"embeddable":true,"href":"http:\/\/www.alertaciudadana.info\/index.php?rest_route=\/wp\/v2\/media\/51711"}],"wp:attachment":[{"href":"http:\/\/www.alertaciudadana.info\/index.php?rest_route=%2Fwp%2Fv2%2Fmedia&parent=51710"}],"wp:term":[{"taxonomy":"category","embeddable":true,"href":"http:\/\/www.alertaciudadana.info\/index.php?rest_route=%2Fwp%2Fv2%2Fcategories&post=51710"},{"taxonomy":"post_tag","embeddable":true,"href":"http:\/\/www.alertaciudadana.info\/index.php?rest_route=%2Fwp%2Fv2%2Ftags&post=51710"}],"curies":[{"name":"wp","href":"https:\/\/api.w.org\/{rel}","templated":true}]}}