{"id":51541,"date":"2020-06-22T21:03:20","date_gmt":"2020-06-22T21:03:20","guid":{"rendered":"http:\/\/www.alertaciudadana.info\/?p=51541"},"modified":"2020-06-22T21:03:52","modified_gmt":"2020-06-22T21:03:52","slug":"empleados-de-maquiladora-hacen-paro-laboral","status":"publish","type":"post","link":"http:\/\/www.alertaciudadana.info\/?p=51541","title":{"rendered":"Empleados de Maquiladora hacen paro laboral por COVID-19"},"content":{"rendered":"<h3>\u00a0<a href=\"http:\/\/www.alertaciudadana.info\/wp-content\/uploads\/2020\/06\/WaterMark_2020-06-22-16-01-18.jpg\" rel=\"attachment wp-att-51550\"><img loading=\"lazy\" decoding=\"async\" class=\"alignnone size-full wp-image-51550\" src=\"http:\/\/www.alertaciudadana.info\/wp-content\/uploads\/2020\/06\/WaterMark_2020-06-22-16-01-18.jpg\" alt=\"WaterMark_2020-06-22-16-01-18\" width=\"1080\" height=\"785\" srcset=\"http:\/\/www.alertaciudadana.info\/wp-content\/uploads\/2020\/06\/WaterMark_2020-06-22-16-01-18.jpg 1080w, http:\/\/www.alertaciudadana.info\/wp-content\/uploads\/2020\/06\/WaterMark_2020-06-22-16-01-18-300x218.jpg 300w, http:\/\/www.alertaciudadana.info\/wp-content\/uploads\/2020\/06\/WaterMark_2020-06-22-16-01-18-768x558.jpg 768w, http:\/\/www.alertaciudadana.info\/wp-content\/uploads\/2020\/06\/WaterMark_2020-06-22-16-01-18-1024x744.jpg 1024w\" sizes=\"auto, (max-width: 1080px) 100vw, 1080px\" \/><\/a> <a href=\"http:\/\/www.alertaciudadana.info\/wp-content\/uploads\/2020\/06\/WaterMark_2020-06-22-16-01-18-1.jpg\" rel=\"attachment wp-att-51551\"><img loading=\"lazy\" decoding=\"async\" class=\"alignnone size-full wp-image-51551\" src=\"http:\/\/www.alertaciudadana.info\/wp-content\/uploads\/2020\/06\/WaterMark_2020-06-22-16-01-18-1.jpg\" alt=\"WaterMark_2020-06-22-16-01-18\" width=\"1080\" height=\"785\" srcset=\"http:\/\/www.alertaciudadana.info\/wp-content\/uploads\/2020\/06\/WaterMark_2020-06-22-16-01-18-1.jpg 1080w, http:\/\/www.alertaciudadana.info\/wp-content\/uploads\/2020\/06\/WaterMark_2020-06-22-16-01-18-1-300x218.jpg 300w, http:\/\/www.alertaciudadana.info\/wp-content\/uploads\/2020\/06\/WaterMark_2020-06-22-16-01-18-1-768x558.jpg 768w, http:\/\/www.alertaciudadana.info\/wp-content\/uploads\/2020\/06\/WaterMark_2020-06-22-16-01-18-1-1024x744.jpg 1024w\" sizes=\"auto, (max-width: 1080px) 100vw, 1080px\" \/><\/a> <a href=\"http:\/\/www.alertaciudadana.info\/wp-content\/uploads\/2020\/06\/WaterMark_2020-06-22-15-51-11.jpeg\" rel=\"attachment wp-att-51552\"><img loading=\"lazy\" decoding=\"async\" class=\"alignnone size-full wp-image-51552\" src=\"http:\/\/www.alertaciudadana.info\/wp-content\/uploads\/2020\/06\/WaterMark_2020-06-22-15-51-11.jpeg\" alt=\"WaterMark_2020-06-22-15-51-11\" width=\"1080\" height=\"1440\" srcset=\"http:\/\/www.alertaciudadana.info\/wp-content\/uploads\/2020\/06\/WaterMark_2020-06-22-15-51-11.jpeg 1080w, http:\/\/www.alertaciudadana.info\/wp-content\/uploads\/2020\/06\/WaterMark_2020-06-22-15-51-11-225x300.jpeg 225w, http:\/\/www.alertaciudadana.info\/wp-content\/uploads\/2020\/06\/WaterMark_2020-06-22-15-51-11-768x1024.jpeg 768w\" sizes=\"auto, (max-width: 1080px) 100vw, 1080px\" \/><\/a><\/h3>\n<h3>Javier Izaguirre Reynosa Tam.-Esta Ma\u00f1ana en la empresa Maquiladora Erika de Reynosa, m\u00e1s de un centenar de empleados, decidieron no ingresar debido a que seg\u00fan esto dentro de dicha empresa hab\u00eda casos de COVID-19, mencionando que debido a este tipo de problemas es que est\u00e1n trabajando con temor a poder contraer el virus antes mencionado.<\/h3>\n<h3>Debido al cierre de esta empresa por parte de los Empleados, fue que hizo su arribo Reynaldo Garza Elizondo, secretario general de la federaci\u00f3n de los trabajadores, reconoci\u00f3 que se debe de hacer una sanitaci\u00f3n dentro de dicha empresa debido a que este fin de semana se habr\u00eda hecho, m\u00e1s sin embargo este fue hecho en solo un d\u00eda donde se coment\u00f3 se requiere m\u00e1s tiempo para poder dejas las instalaciones, totalmente libre de cualquier virus o bacteria.<\/h3>\n<h3>Reynaldo Garza Elizondo, pidi\u00f3 a los directivos de dicha empresa que no se les quite su salario, ni se tomen a cuentas los d\u00edas de vacaciones ya que se deben de respetar, adem\u00e1s exigi\u00f3 que se cumplan con las peticiones hechas por los empleados y el mismo sindicato, vi\u00e9ndose por primera vez en esta pandemia como su l\u00edder abog\u00f3 en un 100% por sus agremiados, mencionando que si no hab\u00eda alg\u00fan arreglo Pac\u00edfico, se tendr\u00eda que recurrir a alg\u00fan Amparo legal acordando que entrar\u00eda una comisi\u00f3n hecha por los empelados y sindicato, para poder entablar una platica con la empresa y que esta termine en un buen acuerdo, ya que con la salud de los empleados no se juega finaliz\u00f3 el l\u00edder Sindical.<\/h3>\n","protected":false},"excerpt":{"rendered":"<p>\u00a0 Javier Izaguirre Reynosa Tam.-Esta Ma\u00f1ana en la empresa Maquiladora Erika de Reynosa, m\u00e1s de un centenar de empleados, decidieron&hellip;<\/p>\n","protected":false},"author":1,"featured_media":51553,"comment_status":"closed","ping_status":"closed","sticky":false,"template":"","format":"standard","meta":{"footnotes":""},"categories":[1,2],"tags":[],"class_list":["post-51541","post","type-post","status-publish","format-standard","has-post-thumbnail","hentry","category-destacados","category-reynosa"],"_links":{"self":[{"href":"http:\/\/www.alertaciudadana.info\/index.php?rest_route=\/wp\/v2\/posts\/51541","targetHints":{"allow":["GET"]}}],"collection":[{"href":"http:\/\/www.alertaciudadana.info\/index.php?rest_route=\/wp\/v2\/posts"}],"about":[{"href":"http:\/\/www.alertaciudadana.info\/index.php?rest_route=\/wp\/v2\/types\/post"}],"author":[{"embeddable":true,"href":"http:\/\/www.alertaciudadana.info\/index.php?rest_route=\/wp\/v2\/users\/1"}],"replies":[{"embeddable":true,"href":"http:\/\/www.alertaciudadana.info\/index.php?rest_route=%2Fwp%2Fv2%2Fcomments&post=51541"}],"version-history":[{"count":2,"href":"http:\/\/www.alertaciudadana.info\/index.php?rest_route=\/wp\/v2\/posts\/51541\/revisions"}],"predecessor-version":[{"id":51555,"href":"http:\/\/www.alertaciudadana.info\/index.php?rest_route=\/wp\/v2\/posts\/51541\/revisions\/51555"}],"wp:featuredmedia":[{"embeddable":true,"href":"http:\/\/www.alertaciudadana.info\/index.php?rest_route=\/wp\/v2\/media\/51553"}],"wp:attachment":[{"href":"http:\/\/www.alertaciudadana.info\/index.php?rest_route=%2Fwp%2Fv2%2Fmedia&parent=51541"}],"wp:term":[{"taxonomy":"category","embeddable":true,"href":"http:\/\/www.alertaciudadana.info\/index.php?rest_route=%2Fwp%2Fv2%2Fcategories&post=51541"},{"taxonomy":"post_tag","embeddable":true,"href":"http:\/\/www.alertaciudadana.info\/index.php?rest_route=%2Fwp%2Fv2%2Ftags&post=51541"}],"curies":[{"name":"wp","href":"https:\/\/api.w.org\/{rel}","templated":true}]}}