{"id":50855,"date":"2020-06-01T22:51:16","date_gmt":"2020-06-01T22:51:16","guid":{"rendered":"http:\/\/www.alertaciudadana.info\/?p=50855"},"modified":"2020-06-01T22:51:16","modified_gmt":"2020-06-01T22:51:16","slug":"lluvias-seguiran-afectando-a-tamaulipas","status":"publish","type":"post","link":"http:\/\/www.alertaciudadana.info\/?p=50855","title":{"rendered":"Lluvias seguiran afectando a Tamaulipas"},"content":{"rendered":"<h3><a href=\"http:\/\/www.alertaciudadana.info\/wp-content\/uploads\/2020\/06\/WaterMark_2020-06-01-15-15-08.jpg\" rel=\"attachment wp-att-50822\"><img loading=\"lazy\" decoding=\"async\" class=\"alignnone size-full wp-image-50822\" src=\"http:\/\/www.alertaciudadana.info\/wp-content\/uploads\/2020\/06\/WaterMark_2020-06-01-15-15-08.jpg\" alt=\"WaterMark_2020-06-01-15-15-08\" width=\"1080\" height=\"810\" srcset=\"http:\/\/www.alertaciudadana.info\/wp-content\/uploads\/2020\/06\/WaterMark_2020-06-01-15-15-08.jpg 1080w, http:\/\/www.alertaciudadana.info\/wp-content\/uploads\/2020\/06\/WaterMark_2020-06-01-15-15-08-300x225.jpg 300w, http:\/\/www.alertaciudadana.info\/wp-content\/uploads\/2020\/06\/WaterMark_2020-06-01-15-15-08-768x576.jpg 768w, http:\/\/www.alertaciudadana.info\/wp-content\/uploads\/2020\/06\/WaterMark_2020-06-01-15-15-08-1024x768.jpg 1024w\" sizes=\"auto, (max-width: 1080px) 100vw, 1080px\" \/><\/a><\/h3>\n<h3>Javier Izaguirre Reynosa Tam.-El Servicio Nacional de Meteorolog\u00eda, esta informando que para los pr\u00f3ximos d\u00edas, en la zona tamaulipeca se estar\u00e1n registrando lluvias d\u00e9biles e intensas, en algunos sectores de la ciudad en la ciudad de Reynosa Tamaulipas.<\/h3>\n<h3>Se esperan lluvias los pr\u00f3ximos tres d\u00edas as\u00ed lo inform\u00f3 el servicio nacional de meteorolog\u00eda, principalmente las lluvias pudieran ser con tormentas el\u00e9ctricas aisladas en horas de la tarde, esto debido a una l\u00ednea de vaguada que se encuentra estacionaria en el litoral del Golfo de M\u00e9xico, y estar\u00e1 atrayendo lluvias gran parte del territorio mexicano.<\/h3>\n<h3>Es por ello que el departamento de Protecci\u00f3n Civil en la ciudad de Reynosa, a cargo de Federico Lozano estar\u00e1n emitiendo boletines, dependiendo de la intensidad de las lluvias que se vayan a registrar en el municipio de Reynosa Tamaulipas, para que la gente est\u00e9 al tanto de los cambios clim\u00e1ticos que se pudieran presentar en los pr\u00f3ximos d\u00edas.<\/h3>\n","protected":false},"excerpt":{"rendered":"<p>Javier Izaguirre Reynosa Tam.-El Servicio Nacional de Meteorolog\u00eda, esta informando que para los pr\u00f3ximos d\u00edas, en la zona tamaulipeca se&hellip;<\/p>\n","protected":false},"author":1,"featured_media":50823,"comment_status":"closed","ping_status":"closed","sticky":false,"template":"","format":"standard","meta":{"footnotes":""},"categories":[1,2],"tags":[],"class_list":["post-50855","post","type-post","status-publish","format-standard","has-post-thumbnail","hentry","category-destacados","category-reynosa"],"_links":{"self":[{"href":"http:\/\/www.alertaciudadana.info\/index.php?rest_route=\/wp\/v2\/posts\/50855","targetHints":{"allow":["GET"]}}],"collection":[{"href":"http:\/\/www.alertaciudadana.info\/index.php?rest_route=\/wp\/v2\/posts"}],"about":[{"href":"http:\/\/www.alertaciudadana.info\/index.php?rest_route=\/wp\/v2\/types\/post"}],"author":[{"embeddable":true,"href":"http:\/\/www.alertaciudadana.info\/index.php?rest_route=\/wp\/v2\/users\/1"}],"replies":[{"embeddable":true,"href":"http:\/\/www.alertaciudadana.info\/index.php?rest_route=%2Fwp%2Fv2%2Fcomments&post=50855"}],"version-history":[{"count":1,"href":"http:\/\/www.alertaciudadana.info\/index.php?rest_route=\/wp\/v2\/posts\/50855\/revisions"}],"predecessor-version":[{"id":50856,"href":"http:\/\/www.alertaciudadana.info\/index.php?rest_route=\/wp\/v2\/posts\/50855\/revisions\/50856"}],"wp:featuredmedia":[{"embeddable":true,"href":"http:\/\/www.alertaciudadana.info\/index.php?rest_route=\/wp\/v2\/media\/50823"}],"wp:attachment":[{"href":"http:\/\/www.alertaciudadana.info\/index.php?rest_route=%2Fwp%2Fv2%2Fmedia&parent=50855"}],"wp:term":[{"taxonomy":"category","embeddable":true,"href":"http:\/\/www.alertaciudadana.info\/index.php?rest_route=%2Fwp%2Fv2%2Fcategories&post=50855"},{"taxonomy":"post_tag","embeddable":true,"href":"http:\/\/www.alertaciudadana.info\/index.php?rest_route=%2Fwp%2Fv2%2Ftags&post=50855"}],"curies":[{"name":"wp","href":"https:\/\/api.w.org\/{rel}","templated":true}]}}