{"id":50226,"date":"2020-05-11T22:53:51","date_gmt":"2020-05-11T22:53:51","guid":{"rendered":"http:\/\/www.alertaciudadana.info\/?p=50226"},"modified":"2020-05-11T22:54:56","modified_gmt":"2020-05-11T22:54:56","slug":"50226","status":"publish","type":"post","link":"http:\/\/www.alertaciudadana.info\/?p=50226","title":{"rendered":"Gobernadores de Tamaulipas e Indiana comparten experiencias sobre la reactivaci\u00f3n econ\u00f3mica ante el COVID-19"},"content":{"rendered":"<p><a href=\"http:\/\/www.alertaciudadana.info\/wp-content\/uploads\/2020\/05\/Screenshot_20200511-175059_Chrome.jpg\" rel=\"attachment wp-att-50227\"><img loading=\"lazy\" decoding=\"async\" class=\"alignnone size-full wp-image-50227\" src=\"http:\/\/www.alertaciudadana.info\/wp-content\/uploads\/2020\/05\/Screenshot_20200511-175059_Chrome.jpg\" alt=\"Screenshot_20200511-175059_Chrome\" width=\"951\" height=\"633\" srcset=\"http:\/\/www.alertaciudadana.info\/wp-content\/uploads\/2020\/05\/Screenshot_20200511-175059_Chrome.jpg 951w, http:\/\/www.alertaciudadana.info\/wp-content\/uploads\/2020\/05\/Screenshot_20200511-175059_Chrome-300x200.jpg 300w, http:\/\/www.alertaciudadana.info\/wp-content\/uploads\/2020\/05\/Screenshot_20200511-175059_Chrome-768x511.jpg 768w\" sizes=\"auto, (max-width: 951px) 100vw, 951px\" \/><\/a><\/p>\n<p><strong>Cd. Victoria, Tam.-<\/strong>\u00a0El gobernador, Francisco Garc\u00eda Cabeza de Vaca, sostuvo este lunes una videoconferencia con su hom\u00f3logo estadounidense de Indiana, Eric Holcomb, en la que compartieron informaci\u00f3n y experiencias que permitan la segura y gradual apertura de las actividades econ\u00f3micas, especialmente las relacionadas con la industria, ante la emergencia sanitaria por COVID-19.<\/p>\n<p>Tamaulipas e Indiana son estados manufactureros con cadenas de suministro en diversificadas industrias, especialmente la automotriz, que dependen entre s\u00ed.<\/p>\n<p>\u201cNos aseguraremos de ayudar a las compa\u00f1\u00edas para que las cadenas de suministro lleguen hasta el final y de que estas cuenten con todas las medidas de distanciamiento social y todo lo necesario para hacer que todo funcione perfectamente\u201d, dijo el gobernador Garc\u00eda Cabeza de Vaca.<\/p>\n<p>Eric Holcomb dijo que el Estado de Indiana \u201ccompartir\u00e1 informaci\u00f3n sobre nuestras cadenas de suministro, relaciones internacionales y fortalezas que nos unen\u201d.<\/p>\n<p>Hasta febrero de 2020, la Industria Manufacturera, Maquiladora y de Servicios de Exportaci\u00f3n (IMMEX) en Tamaulipas cuenta con 410 establecimientos que representan cerca del 7 por ciento del total del pa\u00eds y ocupa a 259 mil 800 trabajadores que representan cerca del 9 por ciento del total del pa\u00eds. En ambos casos la entidad ocupa el quinto lugar a nivel nacional.<\/p>\n<p>El 87 por ciento de los establecimientos de la IMMEX en Tamaulipas corresponden a manufactura, el resto a actividades primarias y terciarias.<\/p>\n<p>Entre los municipios fronterizos de Reynosa y Matamoros concentran 76 por ciento de los empleos generados por la Industria Manufacturera, Maquiladora y de Servicios de Exportaci\u00f3n en Tamaulipas.<\/p>\n","protected":false},"excerpt":{"rendered":"<p>Cd. Victoria, Tam.-\u00a0El gobernador, Francisco Garc\u00eda Cabeza de Vaca, sostuvo este lunes una videoconferencia con su hom\u00f3logo estadounidense de Indiana,&hellip;<\/p>\n","protected":false},"author":1,"featured_media":50227,"comment_status":"closed","ping_status":"closed","sticky":false,"template":"","format":"standard","meta":{"footnotes":""},"categories":[16,1,4],"tags":[],"class_list":["post-50226","post","type-post","status-publish","format-standard","has-post-thumbnail","hentry","category-ciudadvictoria","category-destacados","category-tamaulipas"],"_links":{"self":[{"href":"http:\/\/www.alertaciudadana.info\/index.php?rest_route=\/wp\/v2\/posts\/50226","targetHints":{"allow":["GET"]}}],"collection":[{"href":"http:\/\/www.alertaciudadana.info\/index.php?rest_route=\/wp\/v2\/posts"}],"about":[{"href":"http:\/\/www.alertaciudadana.info\/index.php?rest_route=\/wp\/v2\/types\/post"}],"author":[{"embeddable":true,"href":"http:\/\/www.alertaciudadana.info\/index.php?rest_route=\/wp\/v2\/users\/1"}],"replies":[{"embeddable":true,"href":"http:\/\/www.alertaciudadana.info\/index.php?rest_route=%2Fwp%2Fv2%2Fcomments&post=50226"}],"version-history":[{"count":2,"href":"http:\/\/www.alertaciudadana.info\/index.php?rest_route=\/wp\/v2\/posts\/50226\/revisions"}],"predecessor-version":[{"id":50229,"href":"http:\/\/www.alertaciudadana.info\/index.php?rest_route=\/wp\/v2\/posts\/50226\/revisions\/50229"}],"wp:featuredmedia":[{"embeddable":true,"href":"http:\/\/www.alertaciudadana.info\/index.php?rest_route=\/wp\/v2\/media\/50227"}],"wp:attachment":[{"href":"http:\/\/www.alertaciudadana.info\/index.php?rest_route=%2Fwp%2Fv2%2Fmedia&parent=50226"}],"wp:term":[{"taxonomy":"category","embeddable":true,"href":"http:\/\/www.alertaciudadana.info\/index.php?rest_route=%2Fwp%2Fv2%2Fcategories&post=50226"},{"taxonomy":"post_tag","embeddable":true,"href":"http:\/\/www.alertaciudadana.info\/index.php?rest_route=%2Fwp%2Fv2%2Ftags&post=50226"}],"curies":[{"name":"wp","href":"https:\/\/api.w.org\/{rel}","templated":true}]}}