{"id":49698,"date":"2020-04-23T00:26:13","date_gmt":"2020-04-23T00:26:13","guid":{"rendered":"http:\/\/www.alertaciudadana.info\/?p=49698"},"modified":"2020-04-23T00:26:13","modified_gmt":"2020-04-23T00:26:13","slug":"rio-bravo-no-respeta-cuarentena","status":"publish","type":"post","link":"http:\/\/www.alertaciudadana.info\/?p=49698","title":{"rendered":"R\u00edo Bravo no respeta cuarentena"},"content":{"rendered":"<p><a href=\"http:\/\/www.alertaciudadana.info\/wp-content\/uploads\/2020\/04\/Screenshot_20200422-191346_Chrome.jpg\" rel=\"attachment wp-att-49699\"><img loading=\"lazy\" decoding=\"async\" class=\"alignnone size-full wp-image-49699\" src=\"http:\/\/www.alertaciudadana.info\/wp-content\/uploads\/2020\/04\/Screenshot_20200422-191346_Chrome.jpg\" alt=\"Screenshot_20200422-191346_Chrome\" width=\"1078\" height=\"808\" srcset=\"http:\/\/www.alertaciudadana.info\/wp-content\/uploads\/2020\/04\/Screenshot_20200422-191346_Chrome.jpg 1078w, http:\/\/www.alertaciudadana.info\/wp-content\/uploads\/2020\/04\/Screenshot_20200422-191346_Chrome-300x225.jpg 300w, http:\/\/www.alertaciudadana.info\/wp-content\/uploads\/2020\/04\/Screenshot_20200422-191346_Chrome-768x576.jpg 768w, http:\/\/www.alertaciudadana.info\/wp-content\/uploads\/2020\/04\/Screenshot_20200422-191346_Chrome-1024x768.jpg 1024w\" sizes=\"auto, (max-width: 1078px) 100vw, 1078px\" \/><\/a><\/p>\n<h3>Edith Jim\u00e9nez<\/h3>\n<h3>R\u00edo Bravo, Tam.- El Presidente de la Rep\u00fablica, Andr\u00e9s Manuel L\u00f3pez Obrador dio a conocer en su conferencia de prensa que R\u00edo Bravo es uno de los municipio donde los ciudadanos no tomar medidas de prevenci\u00f3n y contin\u00faan saliendo de casa pese aunque sea lento sobre la fase 3 del COVID-19.<\/h3>\n<h3>Nuevamente el municipio tamaulipeco destaca nivel nacional no s\u00f3lo por las situaciones de inseguridad que se han presentado en \u00faltimas fechas, ni la demanda de servicios p\u00fablicos primarios que exigen los ciudadanos.<\/h3>\n<h3>Tal parece que el Alcalde Carlos Ulivarri L\u00f3pez s\u00f3lo sale a tomarse la foto y no se enfoca en sacar adelante a las familiaw que confiaron en \u00e9l.<\/h3>\n<h3><\/h3>\n","protected":false},"excerpt":{"rendered":"<p>Edith Jim\u00e9nez R\u00edo Bravo, Tam.- El Presidente de la Rep\u00fablica, Andr\u00e9s Manuel L\u00f3pez Obrador dio a conocer en su conferencia&hellip;<\/p>\n","protected":false},"author":1,"featured_media":49699,"comment_status":"closed","ping_status":"closed","sticky":false,"template":"","format":"standard","meta":{"footnotes":""},"categories":[1,3],"tags":[],"class_list":["post-49698","post","type-post","status-publish","format-standard","has-post-thumbnail","hentry","category-destacados","category-riobravo"],"_links":{"self":[{"href":"http:\/\/www.alertaciudadana.info\/index.php?rest_route=\/wp\/v2\/posts\/49698","targetHints":{"allow":["GET"]}}],"collection":[{"href":"http:\/\/www.alertaciudadana.info\/index.php?rest_route=\/wp\/v2\/posts"}],"about":[{"href":"http:\/\/www.alertaciudadana.info\/index.php?rest_route=\/wp\/v2\/types\/post"}],"author":[{"embeddable":true,"href":"http:\/\/www.alertaciudadana.info\/index.php?rest_route=\/wp\/v2\/users\/1"}],"replies":[{"embeddable":true,"href":"http:\/\/www.alertaciudadana.info\/index.php?rest_route=%2Fwp%2Fv2%2Fcomments&post=49698"}],"version-history":[{"count":1,"href":"http:\/\/www.alertaciudadana.info\/index.php?rest_route=\/wp\/v2\/posts\/49698\/revisions"}],"predecessor-version":[{"id":49700,"href":"http:\/\/www.alertaciudadana.info\/index.php?rest_route=\/wp\/v2\/posts\/49698\/revisions\/49700"}],"wp:featuredmedia":[{"embeddable":true,"href":"http:\/\/www.alertaciudadana.info\/index.php?rest_route=\/wp\/v2\/media\/49699"}],"wp:attachment":[{"href":"http:\/\/www.alertaciudadana.info\/index.php?rest_route=%2Fwp%2Fv2%2Fmedia&parent=49698"}],"wp:term":[{"taxonomy":"category","embeddable":true,"href":"http:\/\/www.alertaciudadana.info\/index.php?rest_route=%2Fwp%2Fv2%2Fcategories&post=49698"},{"taxonomy":"post_tag","embeddable":true,"href":"http:\/\/www.alertaciudadana.info\/index.php?rest_route=%2Fwp%2Fv2%2Ftags&post=49698"}],"curies":[{"name":"wp","href":"https:\/\/api.w.org\/{rel}","templated":true}]}}