{"id":49563,"date":"2020-04-18T00:00:02","date_gmt":"2020-04-18T00:00:02","guid":{"rendered":"http:\/\/www.alertaciudadana.info\/?p=49563"},"modified":"2020-05-07T01:18:19","modified_gmt":"2020-05-07T01:18:19","slug":"rinde-municipio-homenaje-postumo-a-regidora-icela-moreno-zuniga","status":"publish","type":"post","link":"http:\/\/www.alertaciudadana.info\/?p=49563","title":{"rendered":"Rinde Municipio Homenaje P\u00f3stumo a Regidora Icela Moreno Z\u00fa\u00f1iga"},"content":{"rendered":"<p><a href=\"http:\/\/www.alertaciudadana.info\/wp-content\/uploads\/2020\/04\/FB_IMG_1587167891666.jpg\" rel=\"attachment wp-att-49564\"><img loading=\"lazy\" decoding=\"async\" class=\"alignnone  wp-image-49564\" src=\"http:\/\/www.alertaciudadana.info\/wp-content\/uploads\/2020\/04\/FB_IMG_1587167891666.jpg\" alt=\"FB_IMG_1587167891666\" width=\"497\" height=\"331\" srcset=\"http:\/\/www.alertaciudadana.info\/wp-content\/uploads\/2020\/04\/FB_IMG_1587167891666.jpg 960w, http:\/\/www.alertaciudadana.info\/wp-content\/uploads\/2020\/04\/FB_IMG_1587167891666-300x200.jpg 300w, http:\/\/www.alertaciudadana.info\/wp-content\/uploads\/2020\/04\/FB_IMG_1587167891666-768x512.jpg 768w\" sizes=\"auto, (max-width: 497px) 100vw, 497px\" \/><\/a><\/p>\n<h3>Edith Jimenez<\/h3>\n<h3>18\/04\/2020<\/h3>\n<h3>REYNOSA, TAM.- Cabildo de Reynosa llev\u00f3 a cabo su Quincuag\u00e9sima Novena Sesi\u00f3n Ordinaria, presidida por la Alcaldesa, Dra. Maki Esther Ortiz Dom\u00ednguez, en la cual se rindi\u00f3 un Homenaje P\u00f3stumo a la Regidora Icela Moreno Zu\u00f1iga, este viernes 17 de abril.<\/h3>\n<h3>\u00abEsta Sesi\u00f3n de Cabildo la hemos querido dedicar a rendir un peque\u00f1o pero sentido Homenaje a nuestra compa\u00f1era y amiga Icela; empezaste siendo una compa\u00f1era de trabajo y poco a poco con tu sensibilidad, calidad humana, tu claridad de pensamiento, tu inmensa fortaleza y solidaridad hizo que entraras a nuestros corazones y te convirtieras en una amiga\u00bb, dijo la Alcaldesa.<\/h3>\n<h3>Mencion\u00f3 la Doctora Maki Ortiz el impulso y gran inter\u00e9s de la Regidora Icela, en un gran programa de forestaci\u00f3n, que dijo, a la fecha lleva ya el sembrado de m\u00e1s de mil encinos en las principales avenidas de la ciudad, \u00e1rboles que cada vez que sean vistos se le recordar\u00e1 en su memoria.<\/h3>\n<h3>Haciendo honor a la C. Icela Moreno, fue proyectado un video en el que se resalt\u00f3 su participaci\u00f3n en las actividades del Municipio, y fue le\u00edda una Biograf\u00eda que resalt\u00f3 esa participaci\u00f3n y su preocupaci\u00f3n por esta ciudad y sus habitantes, al ser una incansable promotora del medio ambiente.<\/h3>\n","protected":false},"excerpt":{"rendered":"<p>Edith Jimenez 18\/04\/2020 REYNOSA, TAM.- Cabildo de Reynosa llev\u00f3 a cabo su Quincuag\u00e9sima Novena Sesi\u00f3n Ordinaria, presidida por la Alcaldesa,&hellip;<\/p>\n","protected":false},"author":1,"featured_media":49565,"comment_status":"closed","ping_status":"closed","sticky":false,"template":"","format":"standard","meta":{"footnotes":""},"categories":[1,2],"tags":[],"class_list":["post-49563","post","type-post","status-publish","format-standard","has-post-thumbnail","hentry","category-destacados","category-reynosa"],"_links":{"self":[{"href":"http:\/\/www.alertaciudadana.info\/index.php?rest_route=\/wp\/v2\/posts\/49563","targetHints":{"allow":["GET"]}}],"collection":[{"href":"http:\/\/www.alertaciudadana.info\/index.php?rest_route=\/wp\/v2\/posts"}],"about":[{"href":"http:\/\/www.alertaciudadana.info\/index.php?rest_route=\/wp\/v2\/types\/post"}],"author":[{"embeddable":true,"href":"http:\/\/www.alertaciudadana.info\/index.php?rest_route=\/wp\/v2\/users\/1"}],"replies":[{"embeddable":true,"href":"http:\/\/www.alertaciudadana.info\/index.php?rest_route=%2Fwp%2Fv2%2Fcomments&post=49563"}],"version-history":[{"count":3,"href":"http:\/\/www.alertaciudadana.info\/index.php?rest_route=\/wp\/v2\/posts\/49563\/revisions"}],"predecessor-version":[{"id":50127,"href":"http:\/\/www.alertaciudadana.info\/index.php?rest_route=\/wp\/v2\/posts\/49563\/revisions\/50127"}],"wp:featuredmedia":[{"embeddable":true,"href":"http:\/\/www.alertaciudadana.info\/index.php?rest_route=\/wp\/v2\/media\/49565"}],"wp:attachment":[{"href":"http:\/\/www.alertaciudadana.info\/index.php?rest_route=%2Fwp%2Fv2%2Fmedia&parent=49563"}],"wp:term":[{"taxonomy":"category","embeddable":true,"href":"http:\/\/www.alertaciudadana.info\/index.php?rest_route=%2Fwp%2Fv2%2Fcategories&post=49563"},{"taxonomy":"post_tag","embeddable":true,"href":"http:\/\/www.alertaciudadana.info\/index.php?rest_route=%2Fwp%2Fv2%2Ftags&post=49563"}],"curies":[{"name":"wp","href":"https:\/\/api.w.org\/{rel}","templated":true}]}}