{"id":49534,"date":"2020-04-16T23:43:57","date_gmt":"2020-04-16T23:43:57","guid":{"rendered":"http:\/\/www.alertaciudadana.info\/?p=49534"},"modified":"2020-04-16T23:43:57","modified_gmt":"2020-04-16T23:43:57","slug":"sin-cubrebocas-no-hay-transporte","status":"publish","type":"post","link":"http:\/\/www.alertaciudadana.info\/?p=49534","title":{"rendered":"Sin cubrebocas no hay transporte"},"content":{"rendered":"<p><a href=\"http:\/\/www.alertaciudadana.info\/wp-content\/uploads\/2020\/04\/WaterMark_2020-04-13-18-12-18.jpg\" rel=\"attachment wp-att-49535\"><img loading=\"lazy\" decoding=\"async\" class=\"alignnone size-full wp-image-49535\" src=\"http:\/\/www.alertaciudadana.info\/wp-content\/uploads\/2020\/04\/WaterMark_2020-04-13-18-12-18.jpg\" alt=\"WaterMark_2020-04-13-18-12-18\" width=\"1080\" height=\"810\" srcset=\"http:\/\/www.alertaciudadana.info\/wp-content\/uploads\/2020\/04\/WaterMark_2020-04-13-18-12-18.jpg 1080w, http:\/\/www.alertaciudadana.info\/wp-content\/uploads\/2020\/04\/WaterMark_2020-04-13-18-12-18-300x225.jpg 300w, http:\/\/www.alertaciudadana.info\/wp-content\/uploads\/2020\/04\/WaterMark_2020-04-13-18-12-18-768x576.jpg 768w, http:\/\/www.alertaciudadana.info\/wp-content\/uploads\/2020\/04\/WaterMark_2020-04-13-18-12-18-1024x768.jpg 1024w\" sizes=\"auto, (max-width: 1080px) 100vw, 1080px\" \/><\/a><\/p>\n<p>Edith Jim\u00e9nez<\/p>\n<p>Reynosa, Tam.-Luego de que el Gobierno del Estado diera a conocer que es obligatorio el uso de tapabocas se determin\u00f3 que los ciudadanos que no lo usen, no podran utilizar el transporte p\u00fablico.<\/p>\n<p>Se\u00f1alando que de manera aleatoria se realizar\u00e1 la supervisi\u00f3n de las unudades y en caso de que los usuarios no porten el cubrebocas el chifer ser\u00e1 sancionado.<\/p>\n<p>Adem\u00e1s de incrementar las acciones de prevenci\u00f3n y la limpieza de los camiones, asientos y tubos.<\/p>\n<p>Dicha situaci\u00f3n ha causado molestia a algunos de los usuarios.<\/p>\n","protected":false},"excerpt":{"rendered":"<p>Edith Jim\u00e9nez Reynosa, Tam.-Luego de que el Gobierno del Estado diera a conocer que es obligatorio el uso de tapabocas&hellip;<\/p>\n","protected":false},"author":1,"featured_media":49535,"comment_status":"closed","ping_status":"closed","sticky":false,"template":"","format":"standard","meta":{"footnotes":""},"categories":[1,2],"tags":[],"class_list":["post-49534","post","type-post","status-publish","format-standard","has-post-thumbnail","hentry","category-destacados","category-reynosa"],"_links":{"self":[{"href":"http:\/\/www.alertaciudadana.info\/index.php?rest_route=\/wp\/v2\/posts\/49534","targetHints":{"allow":["GET"]}}],"collection":[{"href":"http:\/\/www.alertaciudadana.info\/index.php?rest_route=\/wp\/v2\/posts"}],"about":[{"href":"http:\/\/www.alertaciudadana.info\/index.php?rest_route=\/wp\/v2\/types\/post"}],"author":[{"embeddable":true,"href":"http:\/\/www.alertaciudadana.info\/index.php?rest_route=\/wp\/v2\/users\/1"}],"replies":[{"embeddable":true,"href":"http:\/\/www.alertaciudadana.info\/index.php?rest_route=%2Fwp%2Fv2%2Fcomments&post=49534"}],"version-history":[{"count":1,"href":"http:\/\/www.alertaciudadana.info\/index.php?rest_route=\/wp\/v2\/posts\/49534\/revisions"}],"predecessor-version":[{"id":49536,"href":"http:\/\/www.alertaciudadana.info\/index.php?rest_route=\/wp\/v2\/posts\/49534\/revisions\/49536"}],"wp:featuredmedia":[{"embeddable":true,"href":"http:\/\/www.alertaciudadana.info\/index.php?rest_route=\/wp\/v2\/media\/49535"}],"wp:attachment":[{"href":"http:\/\/www.alertaciudadana.info\/index.php?rest_route=%2Fwp%2Fv2%2Fmedia&parent=49534"}],"wp:term":[{"taxonomy":"category","embeddable":true,"href":"http:\/\/www.alertaciudadana.info\/index.php?rest_route=%2Fwp%2Fv2%2Fcategories&post=49534"},{"taxonomy":"post_tag","embeddable":true,"href":"http:\/\/www.alertaciudadana.info\/index.php?rest_route=%2Fwp%2Fv2%2Ftags&post=49534"}],"curies":[{"name":"wp","href":"https:\/\/api.w.org\/{rel}","templated":true}]}}