{"id":49530,"date":"2020-04-16T22:36:03","date_gmt":"2020-04-16T22:36:03","guid":{"rendered":"http:\/\/www.alertaciudadana.info\/?p=49530"},"modified":"2020-04-16T22:36:03","modified_gmt":"2020-04-16T22:36:03","slug":"5-muertes-por-covid-19-en-tamaulipas","status":"publish","type":"post","link":"http:\/\/www.alertaciudadana.info\/?p=49530","title":{"rendered":"5 muertes por COVID-19 en Tamaulipas"},"content":{"rendered":"<p><a href=\"http:\/\/www.alertaciudadana.info\/wp-content\/uploads\/2020\/04\/WaterMark_2020-04-13-18-12-26.jpg\" rel=\"attachment wp-att-49531\"><img loading=\"lazy\" decoding=\"async\" class=\"alignnone size-full wp-image-49531\" src=\"http:\/\/www.alertaciudadana.info\/wp-content\/uploads\/2020\/04\/WaterMark_2020-04-13-18-12-26.jpg\" alt=\"WaterMark_2020-04-13-18-12-26\" width=\"1080\" height=\"810\" srcset=\"http:\/\/www.alertaciudadana.info\/wp-content\/uploads\/2020\/04\/WaterMark_2020-04-13-18-12-26.jpg 1080w, http:\/\/www.alertaciudadana.info\/wp-content\/uploads\/2020\/04\/WaterMark_2020-04-13-18-12-26-300x225.jpg 300w, http:\/\/www.alertaciudadana.info\/wp-content\/uploads\/2020\/04\/WaterMark_2020-04-13-18-12-26-768x576.jpg 768w, http:\/\/www.alertaciudadana.info\/wp-content\/uploads\/2020\/04\/WaterMark_2020-04-13-18-12-26-1024x768.jpg 1024w\" sizes=\"auto, (max-width: 1080px) 100vw, 1080px\" \/><\/a><\/p>\n<p><strong>Cd. Victoria, Tam.-<\/strong>\u00a0Al se\u00f1alar que durante la noche del mi\u00e9rcoles y madrugada de este jueves el Laboratorio Estatal de Salud P\u00fablica confirm\u00f3 15 nuevos casos positivos a COVID-19 y un fallecimiento del IMSS, la secretaria de Salud, Gloria Molina Gamboa urgi\u00f3 a las y los tamaulipecos a ser ciudadanos socialmente responsables y mantener el confinamiento social.<\/p>\n<p>\u00abQu\u00e9date en tu casa porque es la forma m\u00e1s efectiva de cortar la transmisi\u00f3n del virus, qu\u00e9date en tu casa para proteger a tu familia, qu\u00e9date en tu casa para evitar defunciones\u00bb, precis\u00f3.<\/p>\n<p>La titular de la SST inform\u00f3 que el quinto fallecimiento por COVID-19 se trata de una mujer de 43 a\u00f1os de edad residente de Nuevo Laredo,\u00a0 atendida en el Hospital General de Zona 11 del IMSS en esa localidad.<\/p>\n<p>Revel\u00f3 que de los nuevos casos, 7\u00a0 corresponden a Matamoros y son: una mujer de 76 a\u00f1os, una mujer de 32, una mujer de 52, un hombre de 58, un hombre de 39, un hombre de 42 y otro hombre de 39 a\u00f1os de edad.<\/p>\n<p>De Reynosa son 2 hombres de 27 y 53 a\u00f1os; de Nuevo Laredo, 2 mujeres de 49 y 23 a\u00f1os as\u00ed como un hombre de 61 a\u00f1os; de R\u00edo Bravo 2 hombres de 56 y 65 a\u00f1os y finalmente de Ciudad Victoria un hombre de 43 a\u00f1os de edad.<\/p>\n<p>Con los nuevos casos confirmados esta madrugada, la cifra oficial se eleva a 111 pacientes positivos a COVID-19 y 5 defunciones.<\/p>\n<p>Molina Gamboa insisti\u00f3 en su llamado a evitar salir a la calle si no es necesario, que sea una sola persona quien acuda a comprar productos b\u00e1sicos, mantener una distancia m\u00ednima de 1.5 metros con otras personas y cuidar a los adultos mayores, personas con enfermedades cr\u00f3nicas y mujeres embarazadas.<\/p>\n","protected":false},"excerpt":{"rendered":"<p>Cd. Victoria, Tam.-\u00a0Al se\u00f1alar que durante la noche del mi\u00e9rcoles y madrugada de este jueves el Laboratorio Estatal de Salud&hellip;<\/p>\n","protected":false},"author":1,"featured_media":49531,"comment_status":"closed","ping_status":"closed","sticky":false,"template":"","format":"standard","meta":{"footnotes":""},"categories":[16,1,4],"tags":[],"class_list":["post-49530","post","type-post","status-publish","format-standard","has-post-thumbnail","hentry","category-ciudadvictoria","category-destacados","category-tamaulipas"],"_links":{"self":[{"href":"http:\/\/www.alertaciudadana.info\/index.php?rest_route=\/wp\/v2\/posts\/49530","targetHints":{"allow":["GET"]}}],"collection":[{"href":"http:\/\/www.alertaciudadana.info\/index.php?rest_route=\/wp\/v2\/posts"}],"about":[{"href":"http:\/\/www.alertaciudadana.info\/index.php?rest_route=\/wp\/v2\/types\/post"}],"author":[{"embeddable":true,"href":"http:\/\/www.alertaciudadana.info\/index.php?rest_route=\/wp\/v2\/users\/1"}],"replies":[{"embeddable":true,"href":"http:\/\/www.alertaciudadana.info\/index.php?rest_route=%2Fwp%2Fv2%2Fcomments&post=49530"}],"version-history":[{"count":1,"href":"http:\/\/www.alertaciudadana.info\/index.php?rest_route=\/wp\/v2\/posts\/49530\/revisions"}],"predecessor-version":[{"id":49532,"href":"http:\/\/www.alertaciudadana.info\/index.php?rest_route=\/wp\/v2\/posts\/49530\/revisions\/49532"}],"wp:featuredmedia":[{"embeddable":true,"href":"http:\/\/www.alertaciudadana.info\/index.php?rest_route=\/wp\/v2\/media\/49531"}],"wp:attachment":[{"href":"http:\/\/www.alertaciudadana.info\/index.php?rest_route=%2Fwp%2Fv2%2Fmedia&parent=49530"}],"wp:term":[{"taxonomy":"category","embeddable":true,"href":"http:\/\/www.alertaciudadana.info\/index.php?rest_route=%2Fwp%2Fv2%2Fcategories&post=49530"},{"taxonomy":"post_tag","embeddable":true,"href":"http:\/\/www.alertaciudadana.info\/index.php?rest_route=%2Fwp%2Fv2%2Ftags&post=49530"}],"curies":[{"name":"wp","href":"https:\/\/api.w.org\/{rel}","templated":true}]}}