{"id":49523,"date":"2020-04-15T23:27:51","date_gmt":"2020-04-15T23:27:51","guid":{"rendered":"http:\/\/www.alertaciudadana.info\/?p=49523"},"modified":"2020-04-15T23:27:51","modified_gmt":"2020-04-15T23:27:51","slug":"participantes-listos-para-canta-tamaulipas","status":"publish","type":"post","link":"http:\/\/www.alertaciudadana.info\/?p=49523","title":{"rendered":"Participantes listos para CANTA TAMAULIPAS."},"content":{"rendered":"<h3><a href=\"http:\/\/www.alertaciudadana.info\/wp-content\/uploads\/2020\/04\/u82ARCqNLrt2uTn2LWPU.jpg\" rel=\"attachment wp-att-49524\"><img loading=\"lazy\" decoding=\"async\" class=\"alignnone size-full wp-image-49524\" src=\"http:\/\/www.alertaciudadana.info\/wp-content\/uploads\/2020\/04\/u82ARCqNLrt2uTn2LWPU.jpg\" alt=\"u82ARCqNLrt2uTn2LWPU\" width=\"900\" height=\"506\" srcset=\"http:\/\/www.alertaciudadana.info\/wp-content\/uploads\/2020\/04\/u82ARCqNLrt2uTn2LWPU.jpg 900w, http:\/\/www.alertaciudadana.info\/wp-content\/uploads\/2020\/04\/u82ARCqNLrt2uTn2LWPU-300x169.jpg 300w, http:\/\/www.alertaciudadana.info\/wp-content\/uploads\/2020\/04\/u82ARCqNLrt2uTn2LWPU-768x432.jpg 768w\" sizes=\"auto, (max-width: 900px) 100vw, 900px\" \/><\/a><\/h3>\n<h3>Ciudad Victoria, Tamaulipas.- Con el prop\u00f3sito de continuar con la labor de promover y difundir el arte y la cultura a trav\u00e9s de sus diferentes manifestaciones, el Gobierno del Estado y Cultura Tamaulipas se encuentran listos para la fase final del certamen \u201cCANTA TAMAULIPAS\u201d.<\/h3>\n<h3>En el marco de la contingencia derivada del COVID-19 y atendiendo las recomendaciones del Comit\u00e9 T\u00e9cnico Estatal de Seguridad en Salud de permanecer en casa, la Directora General del Instituto Tamaulipeco para la Cultura y las Artes, Sandra Luz Garc\u00eda Guajardo, pone a disposici\u00f3n de la poblaci\u00f3n esta actividad a efecto de estimular la uni\u00f3n de las familias. Los participantes de esta convocatoria enviaron su material audiovisual y se llev\u00f3 a cabo un proceso de selecci\u00f3n; inicialmente s\u00f3lo 10 videos ser\u00edan publicados, sin embargo, por iniciativa de la Directora General de Cultura Tamaulipas y debido a la creatividad que demostraron las familias tamaulipecas, se acord\u00f3 que ser\u00edan 17 las propuestas finalistas.<\/h3>\n<h3>Los videos ser\u00e1n publicados a partir de este 15 de abril a trav\u00e9s de la p\u00e1gina de Facebook de Cultura Tamaulipas y ser\u00e1 el p\u00fablico quien elija al ganador de acuerdo al mayor n\u00famero de interacciones (\u201cme gusta\u201d, \u201cme encanta\u201d y \u201cme asombra\u201d) que tenga cada publicaci\u00f3n, con fecha l\u00edmite el 24 de abril del presente a\u00f1o en punto de las 20:00 horas.<\/h3>\n<h3>Para tener acceso a este y m\u00e1s contenido, CulturaTam te invita seguir sus redes sociales verificadas: Facebook: Cultura Tamaulipas, Instagram: cultura_tamaulipas y Twitter: @CulturaTam<\/h3>\n","protected":false},"excerpt":{"rendered":"<p>Ciudad Victoria, Tamaulipas.- Con el prop\u00f3sito de continuar con la labor de promover y difundir el arte y la cultura&hellip;<\/p>\n","protected":false},"author":1,"featured_media":49524,"comment_status":"closed","ping_status":"closed","sticky":false,"template":"","format":"standard","meta":{"footnotes":""},"categories":[16,1],"tags":[],"class_list":["post-49523","post","type-post","status-publish","format-standard","has-post-thumbnail","hentry","category-ciudadvictoria","category-destacados"],"_links":{"self":[{"href":"http:\/\/www.alertaciudadana.info\/index.php?rest_route=\/wp\/v2\/posts\/49523","targetHints":{"allow":["GET"]}}],"collection":[{"href":"http:\/\/www.alertaciudadana.info\/index.php?rest_route=\/wp\/v2\/posts"}],"about":[{"href":"http:\/\/www.alertaciudadana.info\/index.php?rest_route=\/wp\/v2\/types\/post"}],"author":[{"embeddable":true,"href":"http:\/\/www.alertaciudadana.info\/index.php?rest_route=\/wp\/v2\/users\/1"}],"replies":[{"embeddable":true,"href":"http:\/\/www.alertaciudadana.info\/index.php?rest_route=%2Fwp%2Fv2%2Fcomments&post=49523"}],"version-history":[{"count":1,"href":"http:\/\/www.alertaciudadana.info\/index.php?rest_route=\/wp\/v2\/posts\/49523\/revisions"}],"predecessor-version":[{"id":49525,"href":"http:\/\/www.alertaciudadana.info\/index.php?rest_route=\/wp\/v2\/posts\/49523\/revisions\/49525"}],"wp:featuredmedia":[{"embeddable":true,"href":"http:\/\/www.alertaciudadana.info\/index.php?rest_route=\/wp\/v2\/media\/49524"}],"wp:attachment":[{"href":"http:\/\/www.alertaciudadana.info\/index.php?rest_route=%2Fwp%2Fv2%2Fmedia&parent=49523"}],"wp:term":[{"taxonomy":"category","embeddable":true,"href":"http:\/\/www.alertaciudadana.info\/index.php?rest_route=%2Fwp%2Fv2%2Fcategories&post=49523"},{"taxonomy":"post_tag","embeddable":true,"href":"http:\/\/www.alertaciudadana.info\/index.php?rest_route=%2Fwp%2Fv2%2Ftags&post=49523"}],"curies":[{"name":"wp","href":"https:\/\/api.w.org\/{rel}","templated":true}]}}