{"id":48305,"date":"2020-03-07T00:01:18","date_gmt":"2020-03-07T00:01:18","guid":{"rendered":"http:\/\/www.alertaciudadana.info\/?p=48305"},"modified":"2020-03-07T00:01:35","modified_gmt":"2020-03-07T00:01:35","slug":"rinde-gobernador-su-4to-informe-este-sabado","status":"publish","type":"post","link":"http:\/\/www.alertaciudadana.info\/?p=48305","title":{"rendered":"Rinde Gobernador su 4to Informe este s\u00e1bado\u00a0"},"content":{"rendered":"<p><a href=\"http:\/\/www.alertaciudadana.info\/wp-content\/uploads\/2020\/03\/TAM-037-2020.-Rinde-Gobernador-su-4to-Informe-este-s\u00e1bado.jpg\" rel=\"attachment wp-att-48306\"><img loading=\"lazy\" decoding=\"async\" class=\"alignnone size-full wp-image-48306\" src=\"http:\/\/www.alertaciudadana.info\/wp-content\/uploads\/2020\/03\/TAM-037-2020.-Rinde-Gobernador-su-4to-Informe-este-s\u00e1bado.jpg\" alt=\"TAM-037-2020.-Rinde Gobernador su 4to Informe este s\u00e1bado\" width=\"6240\" height=\"4160\" srcset=\"http:\/\/www.alertaciudadana.info\/wp-content\/uploads\/2020\/03\/TAM-037-2020.-Rinde-Gobernador-su-4to-Informe-este-s\u00e1bado.jpg 6240w, http:\/\/www.alertaciudadana.info\/wp-content\/uploads\/2020\/03\/TAM-037-2020.-Rinde-Gobernador-su-4to-Informe-este-s\u00e1bado-300x200.jpg 300w, http:\/\/www.alertaciudadana.info\/wp-content\/uploads\/2020\/03\/TAM-037-2020.-Rinde-Gobernador-su-4to-Informe-este-s\u00e1bado-768x512.jpg 768w, http:\/\/www.alertaciudadana.info\/wp-content\/uploads\/2020\/03\/TAM-037-2020.-Rinde-Gobernador-su-4to-Informe-este-s\u00e1bado-1024x683.jpg 1024w\" sizes=\"auto, (max-width: 6240px) 100vw, 6240px\" \/><\/a><\/p>\n<h3>Comprender\u00e1, por \u00fanica vez, las acciones de gobierno y resultados obtenidos por la administraci\u00f3n estatal durante los \u00faltimos 3 meses del 2019.<\/h3>\n<h3>Ciudad Victoria, Tamaulipas.- El Gobernador, Francisco Garc\u00eda Cabeza de Vaca, rendir\u00e1 este s\u00e1bado su Cuarto Informe de Gobierno, cumpliendo con las reformas a los art\u00edculos 44, 91 y 93 de la Constituci\u00f3n Pol\u00edtica del Estado, que establecen los primeros 15 d\u00edas de marzo para el cumplimiento de esta obligaci\u00f3n ante el Honorable Congreso del Estado.<\/h3>\n<h3>El mandatario har\u00e1 entrega del documento oficial a las 9 de la ma\u00f1ana en sesi\u00f3n solemne del Congreso tamaulipeco y posteriormente, a las 11, entregar\u00e1 un mensaje a la sociedad en el Polyforum de Ciudad Victoria. El Cuarto Informe del Gobernador Garc\u00eda Cabeza de Vaca destacar\u00e1 los logros alcanzados por su administraci\u00f3n en materia de seguridad p\u00fablica, bienestar social y desarrollo econ\u00f3mico sustentable, rubros que integran el Plan Estatal de Desarrollo 2016-2022, por \u00fanica vez, durante los \u00faltimos 3 meses del 2019. Al informe asistir\u00e1n Gobernadores de otras entidades, Senadores, Diputados Federales y representantes de organismos civiles y empresariales de la entidad.<\/h3>\n<h3>El Congreso tamaulipeco aprob\u00f3 en septiembre del 2019 que a partir de este a\u00f1o, el titular del Poder Ejecutivo de Tamaulipas realice su informe de gobierno durante la primer quincena del mes de marzo, y en \u00e9l se incluya el ejercicio fiscal del a\u00f1o anterior inmediato. El Congreso del Estado decidi\u00f3 esta modificaci\u00f3n a los art\u00edculos 44, 91 y 93 de la Constituci\u00f3n Pol\u00edtica del Estado para permitir a los legisladores, un mayor tiempo para analizar el informe, dictaminar su glosa y poder plantear oportuna y adecuadamente los ajustes requeridos en materia de pol\u00edticas p\u00fablicas para el siguiente ejercicio fiscal.<\/h3>\n","protected":false},"excerpt":{"rendered":"<p>Comprender\u00e1, por \u00fanica vez, las acciones de gobierno y resultados obtenidos por la administraci\u00f3n estatal durante los \u00faltimos 3 meses&hellip;<\/p>\n","protected":false},"author":1,"featured_media":48306,"comment_status":"closed","ping_status":"closed","sticky":false,"template":"","format":"standard","meta":{"footnotes":""},"categories":[16,1],"tags":[],"class_list":["post-48305","post","type-post","status-publish","format-standard","has-post-thumbnail","hentry","category-ciudadvictoria","category-destacados"],"_links":{"self":[{"href":"http:\/\/www.alertaciudadana.info\/index.php?rest_route=\/wp\/v2\/posts\/48305","targetHints":{"allow":["GET"]}}],"collection":[{"href":"http:\/\/www.alertaciudadana.info\/index.php?rest_route=\/wp\/v2\/posts"}],"about":[{"href":"http:\/\/www.alertaciudadana.info\/index.php?rest_route=\/wp\/v2\/types\/post"}],"author":[{"embeddable":true,"href":"http:\/\/www.alertaciudadana.info\/index.php?rest_route=\/wp\/v2\/users\/1"}],"replies":[{"embeddable":true,"href":"http:\/\/www.alertaciudadana.info\/index.php?rest_route=%2Fwp%2Fv2%2Fcomments&post=48305"}],"version-history":[{"count":1,"href":"http:\/\/www.alertaciudadana.info\/index.php?rest_route=\/wp\/v2\/posts\/48305\/revisions"}],"predecessor-version":[{"id":48307,"href":"http:\/\/www.alertaciudadana.info\/index.php?rest_route=\/wp\/v2\/posts\/48305\/revisions\/48307"}],"wp:featuredmedia":[{"embeddable":true,"href":"http:\/\/www.alertaciudadana.info\/index.php?rest_route=\/wp\/v2\/media\/48306"}],"wp:attachment":[{"href":"http:\/\/www.alertaciudadana.info\/index.php?rest_route=%2Fwp%2Fv2%2Fmedia&parent=48305"}],"wp:term":[{"taxonomy":"category","embeddable":true,"href":"http:\/\/www.alertaciudadana.info\/index.php?rest_route=%2Fwp%2Fv2%2Fcategories&post=48305"},{"taxonomy":"post_tag","embeddable":true,"href":"http:\/\/www.alertaciudadana.info\/index.php?rest_route=%2Fwp%2Fv2%2Ftags&post=48305"}],"curies":[{"name":"wp","href":"https:\/\/api.w.org\/{rel}","templated":true}]}}