{"id":48070,"date":"2020-02-29T03:10:55","date_gmt":"2020-02-29T03:10:55","guid":{"rendered":"http:\/\/www.alertaciudadana.info\/?p=48070"},"modified":"2020-02-29T03:10:55","modified_gmt":"2020-02-29T03:10:55","slug":"obras-del-gobierno-de-tamaulipas-impulsan-la-conectividad-y-movilidad-urbana","status":"publish","type":"post","link":"http:\/\/www.alertaciudadana.info\/?p=48070","title":{"rendered":"Obras del Gobierno de Tamaulipas impulsan la conectividad y movilidad urbana"},"content":{"rendered":"<h3><a href=\"http:\/\/www.alertaciudadana.info\/wp-content\/uploads\/2020\/02\/SDU-020-2020.-Obras-del-Gobierno-de-Tamaulipas-impulsan-la-conectividad-y-movilidad-urbana-1.jpg\" rel=\"attachment wp-att-48071\"><img loading=\"lazy\" decoding=\"async\" class=\"alignnone size-full wp-image-48071\" src=\"http:\/\/www.alertaciudadana.info\/wp-content\/uploads\/2020\/02\/SDU-020-2020.-Obras-del-Gobierno-de-Tamaulipas-impulsan-la-conectividad-y-movilidad-urbana-1.jpg\" alt=\"SDU-020-2020.-Obras del Gobierno de Tamaulipas impulsan la conectividad y movilidad urbana (1)\" width=\"3000\" height=\"2000\" srcset=\"http:\/\/www.alertaciudadana.info\/wp-content\/uploads\/2020\/02\/SDU-020-2020.-Obras-del-Gobierno-de-Tamaulipas-impulsan-la-conectividad-y-movilidad-urbana-1.jpg 3000w, http:\/\/www.alertaciudadana.info\/wp-content\/uploads\/2020\/02\/SDU-020-2020.-Obras-del-Gobierno-de-Tamaulipas-impulsan-la-conectividad-y-movilidad-urbana-1-300x200.jpg 300w, http:\/\/www.alertaciudadana.info\/wp-content\/uploads\/2020\/02\/SDU-020-2020.-Obras-del-Gobierno-de-Tamaulipas-impulsan-la-conectividad-y-movilidad-urbana-1-768x512.jpg 768w, http:\/\/www.alertaciudadana.info\/wp-content\/uploads\/2020\/02\/SDU-020-2020.-Obras-del-Gobierno-de-Tamaulipas-impulsan-la-conectividad-y-movilidad-urbana-1-1024x683.jpg 1024w\" sizes=\"auto, (max-width: 3000px) 100vw, 3000px\" \/><\/a><\/h3>\n<h3>Ciudad Victoria, Tamaulipas.- Ante habitantes de las colonias populares Azteca, Liberal, Sat\u00e9lite, Linda Vista y Pajaritos el Secretario Estatal de Desarrollo Urbano y Medio Ambiente, Gilberto Estrella Hern\u00e1ndez afirm\u00f3 que las obras de infraestructura del Gobierno de Tamaulipas impulsan la conectividad y movilidad urbana en beneficio de los ciudadanos. Lo anterior al participar como orador en la ceremonia de inauguraci\u00f3n de la Avenida Tenochtitl\u00e1n que presidi\u00f3 el Gobernador Francisco Garc\u00eda Cabeza de Vaca con autoridades estatales, legisladores y la representante de los colonos. \u201cDa mucho gusto estar hoy presente y que seamos testigos de los logros del Gobierno del Estado principalmente a obras de infraestructura que impulsan la conectividad y la movilidad urbana en beneficio de los ciudadanos, estableci\u00f3 el secretario Estrella Hern\u00e1ndez en su mensaje. Tal es el caso de esta nueva obra de infraestructura hecha de concreto hidr\u00e1ulico de la Avenida Tenochtitl\u00e1n al tramo de Praxedis Balboa a la calle V\u00eda L\u00e1ctea. As\u00ed como tambi\u00e9n la construcci\u00f3n que este Parque Lineal que beneficiar\u00e1 a m\u00e1s de 7 mil personas que viven en este sector, a\u00f1adi\u00f3. Tambi\u00e9n se instalaron Sem\u00e1foros en el cruce con otras visualidades como la Avenida 16 de Septiembre dando eficiencia a la operaci\u00f3n vial e incrementando la seguridad en la movilidad de las personas y los conductores, se\u00f1al\u00f3 el titular de SEDUMA. Por otro lado, abund\u00f3, se mejoraron aspectos para ofrecer espacios de calidad a los habitantes que viven en este sector. \u201cSr. Gobernador su firme compromiso con la ciudadan\u00eda de seguir atendiendo las necesidades de la poblaci\u00f3n facilitando el traslado de personas, bienes y servicios y por ende incrementando la productividad y dando valor al sector se ven reflejadas con obras este tipo\u201d, apunt\u00f3 el funcionario estatal. Con los logros obtenidos a trav\u00e9s de esta obra el Gobierno de Tamaulipas materializa las nuevas pol\u00edticas para garantizar el derecho a la ciudad y la Nueva Agenda Urbana (NAU) 2030 y se contribuye a las metas del objetivo 11 del desarrollo sostenible para lograr que las ciudades y los asentamientos humanos sean inclusivos, seguros, resilientes y sostenibles, asegur\u00f3. Tambi\u00e9n cumple con el Plan Estatal de Desarrollo en el Eje de Bienestar Social donde se plantea la estrategia de dise\u00f1ar un orden urbano que promueva relaciones m\u00e1s equitativas y coadyuve a erradicar la marginaci\u00f3n y pobreza haciendo accesible a todos los tamaulipecos los servicios, infraestructura y espacios p\u00fablicos necesarios para su desarrollo y para una mejor cohesi\u00f3n social al permitir las actividades recreativas, art\u00edsticas y culturales, asever\u00f3. Por todo lo anteriormente expuesto Tamaulipas se encamina hacia un desarrollo urbano sostenible y sin duda con el trabajo entre sociedad y Gobierno se lograr\u00e1n acciones como esta y muchas otras m\u00e1s, indic\u00f3. Me da gusto ver c\u00f3mo se transforman estas partes de la ciudad y con ello se empieza a mejorar la imagen urbana, pero sobre todo y una vez que esta obra sea entregada tambi\u00e9n se les pide y se les solicita que la disfruten, la vivan y sobre todo la tengan limpia y la cuiden, concluy\u00f3.<\/h3>\n","protected":false},"excerpt":{"rendered":"<p>Ciudad Victoria, Tamaulipas.- Ante habitantes de las colonias populares Azteca, Liberal, Sat\u00e9lite, Linda Vista y Pajaritos el Secretario Estatal de&hellip;<\/p>\n","protected":false},"author":1,"featured_media":48072,"comment_status":"closed","ping_status":"closed","sticky":false,"template":"","format":"standard","meta":{"footnotes":""},"categories":[16,1],"tags":[],"class_list":["post-48070","post","type-post","status-publish","format-standard","has-post-thumbnail","hentry","category-ciudadvictoria","category-destacados"],"_links":{"self":[{"href":"http:\/\/www.alertaciudadana.info\/index.php?rest_route=\/wp\/v2\/posts\/48070","targetHints":{"allow":["GET"]}}],"collection":[{"href":"http:\/\/www.alertaciudadana.info\/index.php?rest_route=\/wp\/v2\/posts"}],"about":[{"href":"http:\/\/www.alertaciudadana.info\/index.php?rest_route=\/wp\/v2\/types\/post"}],"author":[{"embeddable":true,"href":"http:\/\/www.alertaciudadana.info\/index.php?rest_route=\/wp\/v2\/users\/1"}],"replies":[{"embeddable":true,"href":"http:\/\/www.alertaciudadana.info\/index.php?rest_route=%2Fwp%2Fv2%2Fcomments&post=48070"}],"version-history":[{"count":1,"href":"http:\/\/www.alertaciudadana.info\/index.php?rest_route=\/wp\/v2\/posts\/48070\/revisions"}],"predecessor-version":[{"id":48073,"href":"http:\/\/www.alertaciudadana.info\/index.php?rest_route=\/wp\/v2\/posts\/48070\/revisions\/48073"}],"wp:featuredmedia":[{"embeddable":true,"href":"http:\/\/www.alertaciudadana.info\/index.php?rest_route=\/wp\/v2\/media\/48072"}],"wp:attachment":[{"href":"http:\/\/www.alertaciudadana.info\/index.php?rest_route=%2Fwp%2Fv2%2Fmedia&parent=48070"}],"wp:term":[{"taxonomy":"category","embeddable":true,"href":"http:\/\/www.alertaciudadana.info\/index.php?rest_route=%2Fwp%2Fv2%2Fcategories&post=48070"},{"taxonomy":"post_tag","embeddable":true,"href":"http:\/\/www.alertaciudadana.info\/index.php?rest_route=%2Fwp%2Fv2%2Ftags&post=48070"}],"curies":[{"name":"wp","href":"https:\/\/api.w.org\/{rel}","templated":true}]}}