{"id":47873,"date":"2020-02-24T23:40:54","date_gmt":"2020-02-24T23:40:54","guid":{"rendered":"http:\/\/www.alertaciudadana.info\/?p=47873"},"modified":"2020-02-24T23:40:54","modified_gmt":"2020-02-24T23:40:54","slug":"olvidan-a-menor-en-escuela","status":"publish","type":"post","link":"http:\/\/www.alertaciudadana.info\/?p=47873","title":{"rendered":"Olvidan a menor en escuela"},"content":{"rendered":"<p><a href=\"http:\/\/www.alertaciudadana.info\/wp-content\/uploads\/2020\/02\/WaterMark_2020-02-24-15-21-59.jpg\" rel=\"attachment wp-att-47848\"><img loading=\"lazy\" decoding=\"async\" class=\"alignnone size-full wp-image-47848\" src=\"http:\/\/www.alertaciudadana.info\/wp-content\/uploads\/2020\/02\/WaterMark_2020-02-24-15-21-59.jpg\" alt=\"WaterMark_2020-02-24-15-21-59\" width=\"1080\" height=\"810\" srcset=\"http:\/\/www.alertaciudadana.info\/wp-content\/uploads\/2020\/02\/WaterMark_2020-02-24-15-21-59.jpg 1080w, http:\/\/www.alertaciudadana.info\/wp-content\/uploads\/2020\/02\/WaterMark_2020-02-24-15-21-59-300x225.jpg 300w, http:\/\/www.alertaciudadana.info\/wp-content\/uploads\/2020\/02\/WaterMark_2020-02-24-15-21-59-768x576.jpg 768w, http:\/\/www.alertaciudadana.info\/wp-content\/uploads\/2020\/02\/WaterMark_2020-02-24-15-21-59-1024x768.jpg 1024w\" sizes=\"auto, (max-width: 1080px) 100vw, 1080px\" \/><\/a><\/p>\n<p>Edith Jim\u00e9nez<\/p>\n<p>Reynosa, Tam.- El sistema DIF Reynosa dio a conocer que se atendio el caso de un menor que fue olvidado en el plantel educativo, por lo cual el Director opt\u00f3 por llevarlo a las instalaciones de la dependencia.<\/p>\n<p>\u00abEl director le habl\u00f3 por tel\u00e9fono a los pap\u00e1s y les comento que ya no estaba en la escuela,\u00a0 les dijo que me iba a trasladar al DIF, posteriormente se habl\u00f3 con los padres de familia para conocer la situaci\u00f3n\u00bb.<\/p>\n<p>La Directora del DIF Municipal, explic\u00f3 que solo se ha tenido 1 caso de este tipo, sin dar a conocer el nombre del plantel educativo, se\u00f1alando que ocurri\u00f3 al inicio de la administraci\u00f3n.<\/p>\n<p>Exhortando a los padres de familia a tomar conciencia y responsabilidad para evitar este tipo de incidentes donde se pone en riesgo al menor.<\/p>\n","protected":false},"excerpt":{"rendered":"<p>Edith Jim\u00e9nez Reynosa, Tam.- El sistema DIF Reynosa dio a conocer que se atendio el caso de un menor que&hellip;<\/p>\n","protected":false},"author":1,"featured_media":47874,"comment_status":"closed","ping_status":"closed","sticky":false,"template":"","format":"standard","meta":{"footnotes":""},"categories":[1,2],"tags":[],"class_list":["post-47873","post","type-post","status-publish","format-standard","has-post-thumbnail","hentry","category-destacados","category-reynosa"],"_links":{"self":[{"href":"http:\/\/www.alertaciudadana.info\/index.php?rest_route=\/wp\/v2\/posts\/47873","targetHints":{"allow":["GET"]}}],"collection":[{"href":"http:\/\/www.alertaciudadana.info\/index.php?rest_route=\/wp\/v2\/posts"}],"about":[{"href":"http:\/\/www.alertaciudadana.info\/index.php?rest_route=\/wp\/v2\/types\/post"}],"author":[{"embeddable":true,"href":"http:\/\/www.alertaciudadana.info\/index.php?rest_route=\/wp\/v2\/users\/1"}],"replies":[{"embeddable":true,"href":"http:\/\/www.alertaciudadana.info\/index.php?rest_route=%2Fwp%2Fv2%2Fcomments&post=47873"}],"version-history":[{"count":1,"href":"http:\/\/www.alertaciudadana.info\/index.php?rest_route=\/wp\/v2\/posts\/47873\/revisions"}],"predecessor-version":[{"id":47875,"href":"http:\/\/www.alertaciudadana.info\/index.php?rest_route=\/wp\/v2\/posts\/47873\/revisions\/47875"}],"wp:featuredmedia":[{"embeddable":true,"href":"http:\/\/www.alertaciudadana.info\/index.php?rest_route=\/wp\/v2\/media\/47874"}],"wp:attachment":[{"href":"http:\/\/www.alertaciudadana.info\/index.php?rest_route=%2Fwp%2Fv2%2Fmedia&parent=47873"}],"wp:term":[{"taxonomy":"category","embeddable":true,"href":"http:\/\/www.alertaciudadana.info\/index.php?rest_route=%2Fwp%2Fv2%2Fcategories&post=47873"},{"taxonomy":"post_tag","embeddable":true,"href":"http:\/\/www.alertaciudadana.info\/index.php?rest_route=%2Fwp%2Fv2%2Ftags&post=47873"}],"curies":[{"name":"wp","href":"https:\/\/api.w.org\/{rel}","templated":true}]}}