{"id":47869,"date":"2020-02-24T23:18:01","date_gmt":"2020-02-24T23:18:01","guid":{"rendered":"http:\/\/www.alertaciudadana.info\/?p=47869"},"modified":"2020-02-24T23:18:01","modified_gmt":"2020-02-24T23:18:01","slug":"rendira-gobernador-4to-informe-de-actividades","status":"publish","type":"post","link":"http:\/\/www.alertaciudadana.info\/?p=47869","title":{"rendered":"Rendir\u00e1 Gobernador 4to. informe de actividades"},"content":{"rendered":"<p><a href=\"http:\/\/www.alertaciudadana.info\/wp-content\/uploads\/2020\/02\/Screenshot_20200224-171412_Chrome.jpg\" rel=\"attachment wp-att-47870\"><img loading=\"lazy\" decoding=\"async\" class=\"alignnone size-full wp-image-47870\" src=\"http:\/\/www.alertaciudadana.info\/wp-content\/uploads\/2020\/02\/Screenshot_20200224-171412_Chrome.jpg\" alt=\"Screenshot_20200224-171412_Chrome\" width=\"976\" height=\"573\" srcset=\"http:\/\/www.alertaciudadana.info\/wp-content\/uploads\/2020\/02\/Screenshot_20200224-171412_Chrome.jpg 976w, http:\/\/www.alertaciudadana.info\/wp-content\/uploads\/2020\/02\/Screenshot_20200224-171412_Chrome-300x176.jpg 300w, http:\/\/www.alertaciudadana.info\/wp-content\/uploads\/2020\/02\/Screenshot_20200224-171412_Chrome-768x451.jpg 768w\" sizes=\"auto, (max-width: 976px) 100vw, 976px\" \/><\/a><\/p>\n<p>Ciudad Victoria, Tam.- El Gobernador, Francisco Garc\u00eda Cabeza de Vaca, entregar\u00e1 este s\u00e1bado 7 de marzo al Congreso del Estado, su 4to. informe de Gobierno que comprender\u00e1 el \u00faltimo trimestre del 2019, de acuerdo a la modificaci\u00f3n a la Constituci\u00f3n Pol\u00edtica del Estado de Tamaulipas hecha por el Poder Legislativo el a\u00f1o pasado.<\/p>\n<p>El Congreso tamaulipeco aprob\u00f3 en septiembre del 2019 que, a partir de este a\u00f1o, el titular del Poder Ejecutivo de Tamaulipas realice su informe de gobierno durante la primer quincena del mes de marzo, y en \u00e9l se incluya el ejercicio fiscal del a\u00f1o anterior inmediato.<\/p>\n<p>En ese sentido, el informe que el mandatario rendir\u00e1 este 7 de marzo, comprender\u00e1, por \u00fanica vez las acciones de gobierno y resultados obtenidos por la administraci\u00f3n estatal durante los \u00faltimos 3 meses del 2019, es decir, posterior al Tercer Informe que fue rendido el 25 de septiembre pasado.<\/p>\n<p>El Congreso del Estado decidi\u00f3 esta modificaci\u00f3n a los art\u00edculos 44, 91 y 93 de la Constituci\u00f3n Pol\u00edtica del Estado para permitir a los legisladores un mayor tiempo para analizar el informe, dictaminar su glosa y poder plantear oportuna y adecuadamente los ajustes requeridos en materia de pol\u00edticas p\u00fablicas para el siguiente ejercicio fiscal.<\/p>\n<p>Por lo tanto, el informe de gobierno posterior al de este 7 de marzo, ser\u00e1 la primer quincena de marzo del 2021, y corresponder\u00e1 al ejercicio fiscal 2020.<\/p>\n<p>El Gobernador, Francisco Garc\u00eda Cabeza de Vaca entregar\u00e1 el documento oficial a los Diputados del Congreso de Tamaulipas y posteriormente ofrecer\u00e1 un mensaje en el Polyforum de Ciudad Victoria en donde har\u00e1 un recuento de los principales logros obtenidos en los cerca de tres a\u00f1os y medio de esta administraci\u00f3n.<\/p>\n","protected":false},"excerpt":{"rendered":"<p>Ciudad Victoria, Tam.- El Gobernador, Francisco Garc\u00eda Cabeza de Vaca, entregar\u00e1 este s\u00e1bado 7 de marzo al Congreso del Estado,&hellip;<\/p>\n","protected":false},"author":1,"featured_media":47870,"comment_status":"closed","ping_status":"closed","sticky":false,"template":"","format":"standard","meta":{"footnotes":""},"categories":[16,1,4],"tags":[],"class_list":["post-47869","post","type-post","status-publish","format-standard","has-post-thumbnail","hentry","category-ciudadvictoria","category-destacados","category-tamaulipas"],"_links":{"self":[{"href":"http:\/\/www.alertaciudadana.info\/index.php?rest_route=\/wp\/v2\/posts\/47869","targetHints":{"allow":["GET"]}}],"collection":[{"href":"http:\/\/www.alertaciudadana.info\/index.php?rest_route=\/wp\/v2\/posts"}],"about":[{"href":"http:\/\/www.alertaciudadana.info\/index.php?rest_route=\/wp\/v2\/types\/post"}],"author":[{"embeddable":true,"href":"http:\/\/www.alertaciudadana.info\/index.php?rest_route=\/wp\/v2\/users\/1"}],"replies":[{"embeddable":true,"href":"http:\/\/www.alertaciudadana.info\/index.php?rest_route=%2Fwp%2Fv2%2Fcomments&post=47869"}],"version-history":[{"count":1,"href":"http:\/\/www.alertaciudadana.info\/index.php?rest_route=\/wp\/v2\/posts\/47869\/revisions"}],"predecessor-version":[{"id":47871,"href":"http:\/\/www.alertaciudadana.info\/index.php?rest_route=\/wp\/v2\/posts\/47869\/revisions\/47871"}],"wp:featuredmedia":[{"embeddable":true,"href":"http:\/\/www.alertaciudadana.info\/index.php?rest_route=\/wp\/v2\/media\/47870"}],"wp:attachment":[{"href":"http:\/\/www.alertaciudadana.info\/index.php?rest_route=%2Fwp%2Fv2%2Fmedia&parent=47869"}],"wp:term":[{"taxonomy":"category","embeddable":true,"href":"http:\/\/www.alertaciudadana.info\/index.php?rest_route=%2Fwp%2Fv2%2Fcategories&post=47869"},{"taxonomy":"post_tag","embeddable":true,"href":"http:\/\/www.alertaciudadana.info\/index.php?rest_route=%2Fwp%2Fv2%2Ftags&post=47869"}],"curies":[{"name":"wp","href":"https:\/\/api.w.org\/{rel}","templated":true}]}}