{"id":47866,"date":"2020-02-24T23:13:42","date_gmt":"2020-02-24T23:13:42","guid":{"rendered":"http:\/\/www.alertaciudadana.info\/?p=47866"},"modified":"2020-02-24T23:13:42","modified_gmt":"2020-02-24T23:13:42","slug":"conmemoran-dia-de-la-bandera-2","status":"publish","type":"post","link":"http:\/\/www.alertaciudadana.info\/?p=47866","title":{"rendered":"Conmemoran D\u00eda de la Bandera"},"content":{"rendered":"<p><a href=\"http:\/\/www.alertaciudadana.info\/wp-content\/uploads\/2020\/02\/Screenshot_20200224-171001_Chrome.jpg\" rel=\"attachment wp-att-47867\"><img loading=\"lazy\" decoding=\"async\" class=\"alignnone size-full wp-image-47867\" src=\"http:\/\/www.alertaciudadana.info\/wp-content\/uploads\/2020\/02\/Screenshot_20200224-171001_Chrome.jpg\" alt=\"Screenshot_20200224-171001_Chrome\" width=\"1047\" height=\"558\" srcset=\"http:\/\/www.alertaciudadana.info\/wp-content\/uploads\/2020\/02\/Screenshot_20200224-171001_Chrome.jpg 1047w, http:\/\/www.alertaciudadana.info\/wp-content\/uploads\/2020\/02\/Screenshot_20200224-171001_Chrome-300x160.jpg 300w, http:\/\/www.alertaciudadana.info\/wp-content\/uploads\/2020\/02\/Screenshot_20200224-171001_Chrome-768x409.jpg 768w, http:\/\/www.alertaciudadana.info\/wp-content\/uploads\/2020\/02\/Screenshot_20200224-171001_Chrome-1024x546.jpg 1024w, http:\/\/www.alertaciudadana.info\/wp-content\/uploads\/2020\/02\/Screenshot_20200224-171001_Chrome-620x330.jpg 620w\" sizes=\"auto, (max-width: 1047px) 100vw, 1047px\" \/><\/a><\/p>\n<p>24\/02\/2020<\/p>\n<p>REYNOSA, TAM.-\u00a0El D\u00eda de la Bandera fue conmemorado este lunes 24 de febrero, por el Gobierno Municipal de Reynosa, que encabeza la Doctora Maki Esther Ortiz Dom\u00ednguez, quien presidi\u00f3 el acto c\u00edvico acompa\u00f1ada por autoridades civiles y militares, estudiantes, Maestros, y ciudadanos.<\/p>\n<p>Como orador oficial, declar\u00f3 el Secretario T\u00e9cnico del R. Ayuntamiento, Lic. Hugo Ram\u00edrez Trevi\u00f1o: \u201cEn la Bandera est\u00e1n representadas todas y todos; nuestras luchas, nuestros ideales. Es el s\u00edmbolo en el que los mexicanos encontramos nuestro pasado para mirar con orgullo en unidad y de frente hacia el futuro\u201d.<\/p>\n<p>La Alcaldesa, Maki Ortiz Dom\u00ednguez, tom\u00f3 la protesta a 25 Escoltas escolares, incluyendo 1 CAM, 2 telesecundarias, 4 secundarias, 1 colegio militarizado, 2 jardines de ni\u00f1os, y 15 escuelas primarias, siendo la ni\u00f1a Valeria Anah\u00ed Molina G\u00f3mez, alumna del tercer grado del jard\u00edn de ni\u00f1os Mar\u00eda Lavalle Urbina, quien represent\u00f3 a los alumnos de educaci\u00f3n b\u00e1sica e interpret\u00f3 una poes\u00eda dedicada a la Bandera.<\/p>\n<p>En la ceremonia participaron: el Coronel de Caballer\u00eda Ariel G\u00f3mez Romero, Comandante del 19\u00b0 Regimiento de Caballer\u00eda Motorizado, y representante del General de Brigada, Comandante de la Octava Zona Militar, Carlos Arturo Pancardo Escudero; el Srio. del Ayuntamiento, Roberto Carlos Rodr\u00edguez Romero; la Diputada Nohem\u00ed Alem\u00e1n Hern\u00e1ndez; el Regidor Jos\u00e9 Alfonso Pe\u00f1a Rdz.,<br \/>\nJorge Guadalupe Acu\u00f1a Tov\u00edas, representante del Magisterio; Georgina Aparicio Hern\u00e1ndez, Titular de Educaci\u00f3n Regional; funcionarios municipales y miembros del Cabildo.<\/p>\n","protected":false},"excerpt":{"rendered":"<p>24\/02\/2020 REYNOSA, TAM.-\u00a0El D\u00eda de la Bandera fue conmemorado este lunes 24 de febrero, por el Gobierno Municipal de Reynosa,&hellip;<\/p>\n","protected":false},"author":1,"featured_media":47867,"comment_status":"closed","ping_status":"closed","sticky":false,"template":"","format":"standard","meta":{"footnotes":""},"categories":[1,2],"tags":[],"class_list":["post-47866","post","type-post","status-publish","format-standard","has-post-thumbnail","hentry","category-destacados","category-reynosa"],"_links":{"self":[{"href":"http:\/\/www.alertaciudadana.info\/index.php?rest_route=\/wp\/v2\/posts\/47866","targetHints":{"allow":["GET"]}}],"collection":[{"href":"http:\/\/www.alertaciudadana.info\/index.php?rest_route=\/wp\/v2\/posts"}],"about":[{"href":"http:\/\/www.alertaciudadana.info\/index.php?rest_route=\/wp\/v2\/types\/post"}],"author":[{"embeddable":true,"href":"http:\/\/www.alertaciudadana.info\/index.php?rest_route=\/wp\/v2\/users\/1"}],"replies":[{"embeddable":true,"href":"http:\/\/www.alertaciudadana.info\/index.php?rest_route=%2Fwp%2Fv2%2Fcomments&post=47866"}],"version-history":[{"count":1,"href":"http:\/\/www.alertaciudadana.info\/index.php?rest_route=\/wp\/v2\/posts\/47866\/revisions"}],"predecessor-version":[{"id":47868,"href":"http:\/\/www.alertaciudadana.info\/index.php?rest_route=\/wp\/v2\/posts\/47866\/revisions\/47868"}],"wp:featuredmedia":[{"embeddable":true,"href":"http:\/\/www.alertaciudadana.info\/index.php?rest_route=\/wp\/v2\/media\/47867"}],"wp:attachment":[{"href":"http:\/\/www.alertaciudadana.info\/index.php?rest_route=%2Fwp%2Fv2%2Fmedia&parent=47866"}],"wp:term":[{"taxonomy":"category","embeddable":true,"href":"http:\/\/www.alertaciudadana.info\/index.php?rest_route=%2Fwp%2Fv2%2Fcategories&post=47866"},{"taxonomy":"post_tag","embeddable":true,"href":"http:\/\/www.alertaciudadana.info\/index.php?rest_route=%2Fwp%2Fv2%2Ftags&post=47866"}],"curies":[{"name":"wp","href":"https:\/\/api.w.org\/{rel}","templated":true}]}}