{"id":47344,"date":"2020-02-10T21:09:07","date_gmt":"2020-02-10T21:09:07","guid":{"rendered":"http:\/\/www.alertaciudadana.info\/?p=47344"},"modified":"2020-02-10T21:09:07","modified_gmt":"2020-02-10T21:09:07","slug":"inaugura-gobernador-2da-etapa-del-bachillerato-militarizado","status":"publish","type":"post","link":"http:\/\/www.alertaciudadana.info\/?p=47344","title":{"rendered":"Inaugura Gobernador 2da. etapa del Bachillerato Militarizado"},"content":{"rendered":"<p><a href=\"http:\/\/www.alertaciudadana.info\/wp-content\/uploads\/2020\/02\/FB_IMG_1581368451604.jpg\" rel=\"attachment wp-att-47348\"><img loading=\"lazy\" decoding=\"async\" class=\"alignnone size-full wp-image-47348\" src=\"http:\/\/www.alertaciudadana.info\/wp-content\/uploads\/2020\/02\/FB_IMG_1581368451604.jpg\" alt=\"FB_IMG_1581368451604\" width=\"1080\" height=\"720\" srcset=\"http:\/\/www.alertaciudadana.info\/wp-content\/uploads\/2020\/02\/FB_IMG_1581368451604.jpg 1080w, http:\/\/www.alertaciudadana.info\/wp-content\/uploads\/2020\/02\/FB_IMG_1581368451604-300x200.jpg 300w, http:\/\/www.alertaciudadana.info\/wp-content\/uploads\/2020\/02\/FB_IMG_1581368451604-768x512.jpg 768w, http:\/\/www.alertaciudadana.info\/wp-content\/uploads\/2020\/02\/FB_IMG_1581368451604-1024x683.jpg 1024w\" sizes=\"auto, (max-width: 1080px) 100vw, 1080px\" \/><\/a><\/p>\n<p>10\/02\/2020<\/p>\n<p>Edith Jim\u00e9nez<\/p>\n<p>Reynosa, Tam.- En gira de trabajo por la ciudad, el Gobernador del Estado, Francisco Javier Garc\u00eda Cabeza de Vaca inauguro la segunda etapa del Bachillerato Militarizado de Reynosa.<\/p>\n<p>Se\u00f1alando que es una instituci\u00f3n que contribuye a fortalecer la disciplina de sus estudiantes, mediante una formaci\u00f3n que da solidez a su car\u00e1cter, basada en principios y altos c\u00f3digos de conducta.<\/p>\n<p>Desde su apertura el bachillerato militarizado ha incrementado su matr\u00edcula de 40 a 159 alumnas y alumnos.<\/p>\n","protected":false},"excerpt":{"rendered":"<p>10\/02\/2020 Edith Jim\u00e9nez Reynosa, Tam.- En gira de trabajo por la ciudad, el Gobernador del Estado, Francisco Javier Garc\u00eda Cabeza&hellip;<\/p>\n","protected":false},"author":1,"featured_media":47348,"comment_status":"closed","ping_status":"closed","sticky":false,"template":"","format":"standard","meta":{"footnotes":""},"categories":[16,1,2,4],"tags":[],"class_list":["post-47344","post","type-post","status-publish","format-standard","has-post-thumbnail","hentry","category-ciudadvictoria","category-destacados","category-reynosa","category-tamaulipas"],"_links":{"self":[{"href":"http:\/\/www.alertaciudadana.info\/index.php?rest_route=\/wp\/v2\/posts\/47344","targetHints":{"allow":["GET"]}}],"collection":[{"href":"http:\/\/www.alertaciudadana.info\/index.php?rest_route=\/wp\/v2\/posts"}],"about":[{"href":"http:\/\/www.alertaciudadana.info\/index.php?rest_route=\/wp\/v2\/types\/post"}],"author":[{"embeddable":true,"href":"http:\/\/www.alertaciudadana.info\/index.php?rest_route=\/wp\/v2\/users\/1"}],"replies":[{"embeddable":true,"href":"http:\/\/www.alertaciudadana.info\/index.php?rest_route=%2Fwp%2Fv2%2Fcomments&post=47344"}],"version-history":[{"count":1,"href":"http:\/\/www.alertaciudadana.info\/index.php?rest_route=\/wp\/v2\/posts\/47344\/revisions"}],"predecessor-version":[{"id":47349,"href":"http:\/\/www.alertaciudadana.info\/index.php?rest_route=\/wp\/v2\/posts\/47344\/revisions\/47349"}],"wp:featuredmedia":[{"embeddable":true,"href":"http:\/\/www.alertaciudadana.info\/index.php?rest_route=\/wp\/v2\/media\/47348"}],"wp:attachment":[{"href":"http:\/\/www.alertaciudadana.info\/index.php?rest_route=%2Fwp%2Fv2%2Fmedia&parent=47344"}],"wp:term":[{"taxonomy":"category","embeddable":true,"href":"http:\/\/www.alertaciudadana.info\/index.php?rest_route=%2Fwp%2Fv2%2Fcategories&post=47344"},{"taxonomy":"post_tag","embeddable":true,"href":"http:\/\/www.alertaciudadana.info\/index.php?rest_route=%2Fwp%2Fv2%2Ftags&post=47344"}],"curies":[{"name":"wp","href":"https:\/\/api.w.org\/{rel}","templated":true}]}}