{"id":46623,"date":"2020-01-18T00:17:19","date_gmt":"2020-01-18T00:17:19","guid":{"rendered":"http:\/\/www.alertaciudadana.info\/?p=46623"},"modified":"2020-01-18T00:17:19","modified_gmt":"2020-01-18T00:17:19","slug":"llegan-mas-de-3-mil-en-caravana-migrante","status":"publish","type":"post","link":"http:\/\/www.alertaciudadana.info\/?p=46623","title":{"rendered":"Llegan m\u00e1s de 3 mil en caravana migrante"},"content":{"rendered":"<p><a href=\"http:\/\/www.alertaciudadana.info\/wp-content\/uploads\/2020\/01\/Screenshot_20200117-181448_Chrome.jpg\" rel=\"attachment wp-att-46625\"><img loading=\"lazy\" decoding=\"async\" class=\"alignnone size-full wp-image-46625\" src=\"http:\/\/www.alertaciudadana.info\/wp-content\/uploads\/2020\/01\/Screenshot_20200117-181448_Chrome.jpg\" alt=\"Screenshot_20200117-181448_Chrome\" width=\"1014\" height=\"725\" srcset=\"http:\/\/www.alertaciudadana.info\/wp-content\/uploads\/2020\/01\/Screenshot_20200117-181448_Chrome.jpg 1014w, http:\/\/www.alertaciudadana.info\/wp-content\/uploads\/2020\/01\/Screenshot_20200117-181448_Chrome-300x214.jpg 300w, http:\/\/www.alertaciudadana.info\/wp-content\/uploads\/2020\/01\/Screenshot_20200117-181448_Chrome-768x549.jpg 768w\" sizes=\"auto, (max-width: 1014px) 100vw, 1014px\" \/><\/a><\/p>\n<p>NACIONAL.- La\u00a0primera Caravana Migrante de 2020 lleg\u00f3 a la frontera\u00a0entre M\u00e9xico y Guatemala.<\/p>\n<p>Entre 900 a dos mil hondure\u00f1os que lograron pasar por Guatemala, ahora buscan cruzar M\u00e9xico hacia la frontera con Estados Unidos.<\/p>\n<p>Se trata de un \u00e9xodo que aprovecha que hasta\u00a020 mil personas pasan de Honduras a Guatemala\u00a0esta semana con motivo de la fiesta del Cristo Negro en el santuario de Esquipulas.<\/p>\n<p>Francisco Gardu\u00f1o, Comisionado del Instituto Nacional de Migraci\u00f3n, afirm\u00f3 que el Gobierno de la Rep\u00fablica har\u00e1 cumplir la ley y el despliegue de personal migratorio de seguridad ser\u00e1 suficiente para garantizar la gobernabilidad.<\/p>\n<p>\u00abNo es que entren y se les da un boleto del metro,\u00a0tienen que hacer una serie de requisitos\u00a0y esperar los t\u00e9rminos de ley y que la autoridad migratoria determine lo procedente\u00bb, expres\u00f3 en entrevista.<\/p>\n<p>En tanto, el presidente Andr\u00e9s Manuel L\u00f3pez Obrador inform\u00f3 que hay\u00a0cuatro mil empleos disponibles en la frontera sur\u00a0para quienes lleguen al territorio nacional.<\/p>\n","protected":false},"excerpt":{"rendered":"<p>NACIONAL.- La\u00a0primera Caravana Migrante de 2020 lleg\u00f3 a la frontera\u00a0entre M\u00e9xico y Guatemala. Entre 900 a dos mil hondure\u00f1os que&hellip;<\/p>\n","protected":false},"author":1,"featured_media":46625,"comment_status":"closed","ping_status":"closed","sticky":false,"template":"","format":"standard","meta":{"footnotes":""},"categories":[1,5],"tags":[],"class_list":["post-46623","post","type-post","status-publish","format-standard","has-post-thumbnail","hentry","category-destacados","category-nacional"],"_links":{"self":[{"href":"http:\/\/www.alertaciudadana.info\/index.php?rest_route=\/wp\/v2\/posts\/46623","targetHints":{"allow":["GET"]}}],"collection":[{"href":"http:\/\/www.alertaciudadana.info\/index.php?rest_route=\/wp\/v2\/posts"}],"about":[{"href":"http:\/\/www.alertaciudadana.info\/index.php?rest_route=\/wp\/v2\/types\/post"}],"author":[{"embeddable":true,"href":"http:\/\/www.alertaciudadana.info\/index.php?rest_route=\/wp\/v2\/users\/1"}],"replies":[{"embeddable":true,"href":"http:\/\/www.alertaciudadana.info\/index.php?rest_route=%2Fwp%2Fv2%2Fcomments&post=46623"}],"version-history":[{"count":1,"href":"http:\/\/www.alertaciudadana.info\/index.php?rest_route=\/wp\/v2\/posts\/46623\/revisions"}],"predecessor-version":[{"id":46626,"href":"http:\/\/www.alertaciudadana.info\/index.php?rest_route=\/wp\/v2\/posts\/46623\/revisions\/46626"}],"wp:featuredmedia":[{"embeddable":true,"href":"http:\/\/www.alertaciudadana.info\/index.php?rest_route=\/wp\/v2\/media\/46625"}],"wp:attachment":[{"href":"http:\/\/www.alertaciudadana.info\/index.php?rest_route=%2Fwp%2Fv2%2Fmedia&parent=46623"}],"wp:term":[{"taxonomy":"category","embeddable":true,"href":"http:\/\/www.alertaciudadana.info\/index.php?rest_route=%2Fwp%2Fv2%2Fcategories&post=46623"},{"taxonomy":"post_tag","embeddable":true,"href":"http:\/\/www.alertaciudadana.info\/index.php?rest_route=%2Fwp%2Fv2%2Ftags&post=46623"}],"curies":[{"name":"wp","href":"https:\/\/api.w.org\/{rel}","templated":true}]}}