{"id":44142,"date":"2019-11-05T19:15:54","date_gmt":"2019-11-05T19:15:54","guid":{"rendered":"http:\/\/www.alertaciudadana.info\/?p=44142"},"modified":"2019-11-05T19:15:54","modified_gmt":"2019-11-05T19:15:54","slug":"veladoras-aumentan-incendios","status":"publish","type":"post","link":"http:\/\/www.alertaciudadana.info\/?p=44142","title":{"rendered":"Veladoras aumentan incendios"},"content":{"rendered":"<h3><a href=\"http:\/\/www.alertaciudadana.info\/wp-content\/uploads\/2019\/11\/WaterMark_2019-11-05-12-26-21.jpg\" rel=\"attachment wp-att-44114\"><img loading=\"lazy\" decoding=\"async\" class=\"alignnone size-full wp-image-44114\" src=\"http:\/\/www.alertaciudadana.info\/wp-content\/uploads\/2019\/11\/WaterMark_2019-11-05-12-26-21.jpg\" alt=\"WaterMark_2019-11-05-12-26-21\" width=\"1080\" height=\"810\" srcset=\"http:\/\/www.alertaciudadana.info\/wp-content\/uploads\/2019\/11\/WaterMark_2019-11-05-12-26-21.jpg 1080w, http:\/\/www.alertaciudadana.info\/wp-content\/uploads\/2019\/11\/WaterMark_2019-11-05-12-26-21-300x225.jpg 300w, http:\/\/www.alertaciudadana.info\/wp-content\/uploads\/2019\/11\/WaterMark_2019-11-05-12-26-21-768x576.jpg 768w, http:\/\/www.alertaciudadana.info\/wp-content\/uploads\/2019\/11\/WaterMark_2019-11-05-12-26-21-1024x768.jpg 1024w\" sizes=\"auto, (max-width: 1080px) 100vw, 1080px\" \/><\/a>Edith Jim\u00e9nez<\/h3>\n<h3>Reynosa, Tam.- Al recordar a los seres queridos que se adelantaron en el camino, los ciudadanos colocan veladoras en sus viviendas, lo cual incrementa el riesgo de incendios.<\/h3>\n<h3>Afortunadamente en los d\u00edas 1 y 2 de noviembre no se registraron incidentes debido a veladoras, sin embargo la direcci\u00f3n de protecci\u00f3n civil y bomberos recomienda tomar precauciones.<\/h3>\n<h3>En esta temporada se incrementa hasta un 30% el n\u00famero de incendios, siendo esta la causa principal, seguido por cortos circuitos.<\/h3>\n<h3><\/h3>\n<p>&nbsp;<\/p>\n","protected":false},"excerpt":{"rendered":"<p>Edith Jim\u00e9nez Reynosa, Tam.- Al recordar a los seres queridos que se adelantaron en el camino, los ciudadanos colocan veladoras&hellip;<\/p>\n","protected":false},"author":1,"featured_media":44114,"comment_status":"closed","ping_status":"closed","sticky":false,"template":"","format":"standard","meta":{"footnotes":""},"categories":[1,8,2],"tags":[],"class_list":["post-44142","post","type-post","status-publish","format-standard","has-post-thumbnail","hentry","category-destacados","category-policiaca","category-reynosa"],"_links":{"self":[{"href":"http:\/\/www.alertaciudadana.info\/index.php?rest_route=\/wp\/v2\/posts\/44142","targetHints":{"allow":["GET"]}}],"collection":[{"href":"http:\/\/www.alertaciudadana.info\/index.php?rest_route=\/wp\/v2\/posts"}],"about":[{"href":"http:\/\/www.alertaciudadana.info\/index.php?rest_route=\/wp\/v2\/types\/post"}],"author":[{"embeddable":true,"href":"http:\/\/www.alertaciudadana.info\/index.php?rest_route=\/wp\/v2\/users\/1"}],"replies":[{"embeddable":true,"href":"http:\/\/www.alertaciudadana.info\/index.php?rest_route=%2Fwp%2Fv2%2Fcomments&post=44142"}],"version-history":[{"count":1,"href":"http:\/\/www.alertaciudadana.info\/index.php?rest_route=\/wp\/v2\/posts\/44142\/revisions"}],"predecessor-version":[{"id":44143,"href":"http:\/\/www.alertaciudadana.info\/index.php?rest_route=\/wp\/v2\/posts\/44142\/revisions\/44143"}],"wp:featuredmedia":[{"embeddable":true,"href":"http:\/\/www.alertaciudadana.info\/index.php?rest_route=\/wp\/v2\/media\/44114"}],"wp:attachment":[{"href":"http:\/\/www.alertaciudadana.info\/index.php?rest_route=%2Fwp%2Fv2%2Fmedia&parent=44142"}],"wp:term":[{"taxonomy":"category","embeddable":true,"href":"http:\/\/www.alertaciudadana.info\/index.php?rest_route=%2Fwp%2Fv2%2Fcategories&post=44142"},{"taxonomy":"post_tag","embeddable":true,"href":"http:\/\/www.alertaciudadana.info\/index.php?rest_route=%2Fwp%2Fv2%2Ftags&post=44142"}],"curies":[{"name":"wp","href":"https:\/\/api.w.org\/{rel}","templated":true}]}}