{"id":43808,"date":"2019-10-29T18:11:15","date_gmt":"2019-10-29T18:11:15","guid":{"rendered":"http:\/\/www.alertaciudadana.info\/?p=43808"},"modified":"2019-10-29T18:11:15","modified_gmt":"2019-10-29T18:11:15","slug":"procesan-a-el-macaco-por-violacion","status":"publish","type":"post","link":"http:\/\/www.alertaciudadana.info\/?p=43808","title":{"rendered":"Procesan a &#8216;El Macaco&#8217; por violaci\u00f3n"},"content":{"rendered":"<p><a href=\"http:\/\/www.alertaciudadana.info\/wp-content\/uploads\/2019\/10\/Sin-t\u00edtulo.png\" rel=\"attachment wp-att-43809\"><img loading=\"lazy\" decoding=\"async\" class=\"alignnone  wp-image-43809\" src=\"http:\/\/www.alertaciudadana.info\/wp-content\/uploads\/2019\/10\/Sin-t\u00edtulo-300x275.png\" alt=\"Sin t\u00edtulo\" width=\"440\" height=\"403\" srcset=\"http:\/\/www.alertaciudadana.info\/wp-content\/uploads\/2019\/10\/Sin-t\u00edtulo-300x275.png 300w, http:\/\/www.alertaciudadana.info\/wp-content\/uploads\/2019\/10\/Sin-t\u00edtulo.png 506w\" sizes=\"auto, (max-width: 440px) 100vw, 440px\" \/><\/a><\/p>\n<h3>Reynosa, Tamaulipas.- La Procuradur\u00eda General de Justicia de Tamaulipas informa que fue vinculado a proceso Francisco \u00abN\u00bb alias \u00abEl Macaco\u00bb por el delito de violaci\u00f3n en contra de una menor de edad.<\/h3>\n<h3>Un Juez de Control decret\u00f3 la vinculaci\u00f3n a proceso, una vez que el Agente del Ministerio P\u00fablico present\u00f3 elementos que implican al imputado en los citados delitos, en hechos registrados en esta ciudad<\/h3>\n<h3>Asimismo, la autoridad judicial estableci\u00f3 prisi\u00f3n preventiva por el tiempo que dure el proceso en contra de Francisco \u00abN\u00bb alias \u00abEl Macaco\u00bb.<\/h3>\n<h3>Con este tipo de acciones, el Gobierno de Tamaulipas, por conducto de la Procuradur\u00eda General de Justicia del Estado, refrenda su compromiso de utilizar todos los medios jur\u00eddicos a su alcance para perseguir y castigar a todos aquellos que atenten contra la libertad sexual y el correcto desarrollo psicosexual de los menores de edad<\/h3>\n","protected":false},"excerpt":{"rendered":"<p>Reynosa, Tamaulipas.- La Procuradur\u00eda General de Justicia de Tamaulipas informa que fue vinculado a proceso Francisco \u00abN\u00bb alias \u00abEl Macaco\u00bb&hellip;<\/p>\n","protected":false},"author":1,"featured_media":43809,"comment_status":"closed","ping_status":"closed","sticky":false,"template":"","format":"standard","meta":{"footnotes":""},"categories":[16,1,8],"tags":[],"class_list":["post-43808","post","type-post","status-publish","format-standard","has-post-thumbnail","hentry","category-ciudadvictoria","category-destacados","category-policiaca"],"_links":{"self":[{"href":"http:\/\/www.alertaciudadana.info\/index.php?rest_route=\/wp\/v2\/posts\/43808","targetHints":{"allow":["GET"]}}],"collection":[{"href":"http:\/\/www.alertaciudadana.info\/index.php?rest_route=\/wp\/v2\/posts"}],"about":[{"href":"http:\/\/www.alertaciudadana.info\/index.php?rest_route=\/wp\/v2\/types\/post"}],"author":[{"embeddable":true,"href":"http:\/\/www.alertaciudadana.info\/index.php?rest_route=\/wp\/v2\/users\/1"}],"replies":[{"embeddable":true,"href":"http:\/\/www.alertaciudadana.info\/index.php?rest_route=%2Fwp%2Fv2%2Fcomments&post=43808"}],"version-history":[{"count":1,"href":"http:\/\/www.alertaciudadana.info\/index.php?rest_route=\/wp\/v2\/posts\/43808\/revisions"}],"predecessor-version":[{"id":43810,"href":"http:\/\/www.alertaciudadana.info\/index.php?rest_route=\/wp\/v2\/posts\/43808\/revisions\/43810"}],"wp:featuredmedia":[{"embeddable":true,"href":"http:\/\/www.alertaciudadana.info\/index.php?rest_route=\/wp\/v2\/media\/43809"}],"wp:attachment":[{"href":"http:\/\/www.alertaciudadana.info\/index.php?rest_route=%2Fwp%2Fv2%2Fmedia&parent=43808"}],"wp:term":[{"taxonomy":"category","embeddable":true,"href":"http:\/\/www.alertaciudadana.info\/index.php?rest_route=%2Fwp%2Fv2%2Fcategories&post=43808"},{"taxonomy":"post_tag","embeddable":true,"href":"http:\/\/www.alertaciudadana.info\/index.php?rest_route=%2Fwp%2Fv2%2Ftags&post=43808"}],"curies":[{"name":"wp","href":"https:\/\/api.w.org\/{rel}","templated":true}]}}