{"id":43448,"date":"2019-10-21T17:25:31","date_gmt":"2019-10-21T17:25:31","guid":{"rendered":"http:\/\/www.alertaciudadana.info\/?p=43448"},"modified":"2019-10-21T17:25:31","modified_gmt":"2019-10-21T17:25:31","slug":"fresco-y-lluvias-por-ingresar-a-reynosa","status":"publish","type":"post","link":"http:\/\/www.alertaciudadana.info\/?p=43448","title":{"rendered":"Fresco y lluvias por ingresar a Reynosa"},"content":{"rendered":"<h3><a href=\"http:\/\/www.alertaciudadana.info\/wp-content\/uploads\/2019\/10\/WaterMark_2019-10-16-13-01-23-e1571250130322.jpg\" rel=\"attachment wp-att-43323\"><img loading=\"lazy\" decoding=\"async\" class=\"alignnone size-full wp-image-43323\" src=\"http:\/\/www.alertaciudadana.info\/wp-content\/uploads\/2019\/10\/WaterMark_2019-10-16-13-01-23-e1571250130322.jpg\" alt=\"WaterMark_2019-10-16-13-01-23\" width=\"1063\" height=\"615\" srcset=\"http:\/\/www.alertaciudadana.info\/wp-content\/uploads\/2019\/10\/WaterMark_2019-10-16-13-01-23-e1571250130322.jpg 1063w, http:\/\/www.alertaciudadana.info\/wp-content\/uploads\/2019\/10\/WaterMark_2019-10-16-13-01-23-e1571250130322-300x174.jpg 300w, http:\/\/www.alertaciudadana.info\/wp-content\/uploads\/2019\/10\/WaterMark_2019-10-16-13-01-23-e1571250130322-768x444.jpg 768w, http:\/\/www.alertaciudadana.info\/wp-content\/uploads\/2019\/10\/WaterMark_2019-10-16-13-01-23-e1571250130322-1024x592.jpg 1024w\" sizes=\"auto, (max-width: 1063px) 100vw, 1063px\" \/><\/a><\/h3>\n<h3>Javier Izaguirre Reynosa Tam.-El servicio Nacional de Meteorolog\u00eda est\u00e1 emitiendo una alerta debido a la entrada de viento del norte en horas de la tarde de este lunes 21 de Octubre del a\u00f1o en curso, se mencion\u00f3 que este sistema frontal traer\u00e1 descenso en las temperaturas para este d\u00eda, aunque no ser\u00e1n muy notorias la baja de sensaci\u00f3n t\u00e9rmica.<\/h3>\n<h3>Para este d\u00eda se esperan lluvias intermitentes en horas de la tarde o noche, estas sin ser fuerte en algunos puntos de la regi\u00f3n Tamaulipeca, as\u00ed como tambi\u00e9n se espera que las condiciones e cielo sean favorables para que permanezcan las temperaturas entre los 30 grados cent\u00edgrados como m\u00e1xima, y una m\u00ednima que podr\u00eda solo alcanzar los 19 d\u00edgitos en horas de la tarde o noche.<\/h3>\n","protected":false},"excerpt":{"rendered":"<p>Javier Izaguirre Reynosa Tam.-El servicio Nacional de Meteorolog\u00eda est\u00e1 emitiendo una alerta debido a la entrada de viento del norte&hellip;<\/p>\n","protected":false},"author":1,"featured_media":43323,"comment_status":"closed","ping_status":"closed","sticky":false,"template":"","format":"standard","meta":{"footnotes":""},"categories":[1,2],"tags":[],"class_list":["post-43448","post","type-post","status-publish","format-standard","has-post-thumbnail","hentry","category-destacados","category-reynosa"],"_links":{"self":[{"href":"http:\/\/www.alertaciudadana.info\/index.php?rest_route=\/wp\/v2\/posts\/43448","targetHints":{"allow":["GET"]}}],"collection":[{"href":"http:\/\/www.alertaciudadana.info\/index.php?rest_route=\/wp\/v2\/posts"}],"about":[{"href":"http:\/\/www.alertaciudadana.info\/index.php?rest_route=\/wp\/v2\/types\/post"}],"author":[{"embeddable":true,"href":"http:\/\/www.alertaciudadana.info\/index.php?rest_route=\/wp\/v2\/users\/1"}],"replies":[{"embeddable":true,"href":"http:\/\/www.alertaciudadana.info\/index.php?rest_route=%2Fwp%2Fv2%2Fcomments&post=43448"}],"version-history":[{"count":1,"href":"http:\/\/www.alertaciudadana.info\/index.php?rest_route=\/wp\/v2\/posts\/43448\/revisions"}],"predecessor-version":[{"id":43474,"href":"http:\/\/www.alertaciudadana.info\/index.php?rest_route=\/wp\/v2\/posts\/43448\/revisions\/43474"}],"wp:featuredmedia":[{"embeddable":true,"href":"http:\/\/www.alertaciudadana.info\/index.php?rest_route=\/wp\/v2\/media\/43323"}],"wp:attachment":[{"href":"http:\/\/www.alertaciudadana.info\/index.php?rest_route=%2Fwp%2Fv2%2Fmedia&parent=43448"}],"wp:term":[{"taxonomy":"category","embeddable":true,"href":"http:\/\/www.alertaciudadana.info\/index.php?rest_route=%2Fwp%2Fv2%2Fcategories&post=43448"},{"taxonomy":"post_tag","embeddable":true,"href":"http:\/\/www.alertaciudadana.info\/index.php?rest_route=%2Fwp%2Fv2%2Ftags&post=43448"}],"curies":[{"name":"wp","href":"https:\/\/api.w.org\/{rel}","templated":true}]}}