{"id":43350,"date":"2019-10-16T18:41:05","date_gmt":"2019-10-16T18:41:05","guid":{"rendered":"http:\/\/www.alertaciudadana.info\/?p=43350"},"modified":"2019-10-16T18:41:05","modified_gmt":"2019-10-16T18:41:05","slug":"apoya-sebien-a-300-mil-familias","status":"publish","type":"post","link":"http:\/\/www.alertaciudadana.info\/?p=43350","title":{"rendered":"Apoya SEBIEN a 300 mil familias"},"content":{"rendered":"<p><a href=\"http:\/\/www.alertaciudadana.info\/wp-content\/uploads\/2019\/10\/WaterMark_2019-10-16-12-57-35.jpg\" rel=\"attachment wp-att-43326\"><img loading=\"lazy\" decoding=\"async\" class=\"alignnone  wp-image-43326\" src=\"http:\/\/www.alertaciudadana.info\/wp-content\/uploads\/2019\/10\/WaterMark_2019-10-16-12-57-35.jpg\" alt=\"WaterMark_2019-10-16-12-57-35\" width=\"707\" height=\"530\" srcset=\"http:\/\/www.alertaciudadana.info\/wp-content\/uploads\/2019\/10\/WaterMark_2019-10-16-12-57-35.jpg 1080w, http:\/\/www.alertaciudadana.info\/wp-content\/uploads\/2019\/10\/WaterMark_2019-10-16-12-57-35-300x225.jpg 300w, http:\/\/www.alertaciudadana.info\/wp-content\/uploads\/2019\/10\/WaterMark_2019-10-16-12-57-35-768x576.jpg 768w, http:\/\/www.alertaciudadana.info\/wp-content\/uploads\/2019\/10\/WaterMark_2019-10-16-12-57-35-1024x768.jpg 1024w\" sizes=\"auto, (max-width: 707px) 100vw, 707px\" \/><\/a><\/p>\n<h3>Edith Jimenez<\/h3>\n<h3>Reynosa, Tam.-Acercando los\u00a0apoyos a las familias vulnerables, el\u00a0encargado de despacho de la Secretar\u00eda de Bienestar Social (SEBIEN) del Gobierno de Tamaulipas,\u00a0R\u00f3mulo Garza Mart\u00ednez dio a conocer que en el Estado se entregan beneficios a alrededor de 300 mil familias, lo que equivale a 1 mill\u00f3n de tamaulipecos.<\/h3>\n<h3>Aunque en Reynosa no se tiene una cifra exacta debido a que trabajan en base a la informaci\u00f3n del INEGI explic\u00f3 que se tienen sectores prioritarios donde se aterrizan los recursos.<\/h3>\n<h3>\u00abTenemos ubicadas unas zonas de atenci\u00f3n prioritaria que nos registra el INEGI y sobre esas trabajamos para dar apoyos a la gente que mas lo necesita, sin dejar pasar de vista las zonas que aunque no est\u00e1n consideradas, porque hay mucha gente que vive en situaci\u00f3n vulnerable&#8230;\u00bb.<\/h3>\n<h3>A\u00f1adiendo que con el apoyo de los comit\u00e9s\u00a0 de la SEBIEN se tiene una comunicaci\u00f3n directa con los ciudadanos y se proporciona una atenci\u00f3n pronta en caso de requerirse.<\/h3>\n<p>&nbsp;<\/p>\n","protected":false},"excerpt":{"rendered":"<p>Edith Jimenez Reynosa, Tam.-Acercando los\u00a0apoyos a las familias vulnerables, el\u00a0encargado de despacho de la Secretar\u00eda de Bienestar Social (SEBIEN) del&hellip;<\/p>\n","protected":false},"author":1,"featured_media":43326,"comment_status":"closed","ping_status":"closed","sticky":false,"template":"","format":"standard","meta":{"footnotes":""},"categories":[16,1,2,4],"tags":[],"class_list":["post-43350","post","type-post","status-publish","format-standard","has-post-thumbnail","hentry","category-ciudadvictoria","category-destacados","category-reynosa","category-tamaulipas"],"_links":{"self":[{"href":"http:\/\/www.alertaciudadana.info\/index.php?rest_route=\/wp\/v2\/posts\/43350","targetHints":{"allow":["GET"]}}],"collection":[{"href":"http:\/\/www.alertaciudadana.info\/index.php?rest_route=\/wp\/v2\/posts"}],"about":[{"href":"http:\/\/www.alertaciudadana.info\/index.php?rest_route=\/wp\/v2\/types\/post"}],"author":[{"embeddable":true,"href":"http:\/\/www.alertaciudadana.info\/index.php?rest_route=\/wp\/v2\/users\/1"}],"replies":[{"embeddable":true,"href":"http:\/\/www.alertaciudadana.info\/index.php?rest_route=%2Fwp%2Fv2%2Fcomments&post=43350"}],"version-history":[{"count":1,"href":"http:\/\/www.alertaciudadana.info\/index.php?rest_route=\/wp\/v2\/posts\/43350\/revisions"}],"predecessor-version":[{"id":43359,"href":"http:\/\/www.alertaciudadana.info\/index.php?rest_route=\/wp\/v2\/posts\/43350\/revisions\/43359"}],"wp:featuredmedia":[{"embeddable":true,"href":"http:\/\/www.alertaciudadana.info\/index.php?rest_route=\/wp\/v2\/media\/43326"}],"wp:attachment":[{"href":"http:\/\/www.alertaciudadana.info\/index.php?rest_route=%2Fwp%2Fv2%2Fmedia&parent=43350"}],"wp:term":[{"taxonomy":"category","embeddable":true,"href":"http:\/\/www.alertaciudadana.info\/index.php?rest_route=%2Fwp%2Fv2%2Fcategories&post=43350"},{"taxonomy":"post_tag","embeddable":true,"href":"http:\/\/www.alertaciudadana.info\/index.php?rest_route=%2Fwp%2Fv2%2Ftags&post=43350"}],"curies":[{"name":"wp","href":"https:\/\/api.w.org\/{rel}","templated":true}]}}