{"id":42849,"date":"2019-10-03T18:34:24","date_gmt":"2019-10-03T18:34:24","guid":{"rendered":"http:\/\/www.alertaciudadana.info\/?p=42849"},"modified":"2019-10-03T18:34:24","modified_gmt":"2019-10-03T18:34:24","slug":"exploracion-y-mastografias-gratuitas","status":"publish","type":"post","link":"http:\/\/www.alertaciudadana.info\/?p=42849","title":{"rendered":"Exploraci\u00f3n y mastograf\u00edas gratuitas"},"content":{"rendered":"<p><a href=\"http:\/\/www.alertaciudadana.info\/wp-content\/uploads\/2019\/10\/IMG-20181009-WA0054-e1570127359768.jpg\" rel=\"attachment wp-att-42850\"><img loading=\"lazy\" decoding=\"async\" class=\"wp-image-42850 aligncenter\" src=\"http:\/\/www.alertaciudadana.info\/wp-content\/uploads\/2019\/10\/IMG-20181009-WA0054-e1570127359768.jpg\" alt=\"IMG-20181009-WA0054\" width=\"499\" height=\"370\" srcset=\"http:\/\/www.alertaciudadana.info\/wp-content\/uploads\/2019\/10\/IMG-20181009-WA0054-e1570127359768.jpg 870w, http:\/\/www.alertaciudadana.info\/wp-content\/uploads\/2019\/10\/IMG-20181009-WA0054-e1570127359768-300x222.jpg 300w, http:\/\/www.alertaciudadana.info\/wp-content\/uploads\/2019\/10\/IMG-20181009-WA0054-e1570127359768-768x569.jpg 768w\" sizes=\"auto, (max-width: 499px) 100vw, 499px\" \/><\/a><\/p>\n<h3>Edith Jimenez<\/h3>\n<h3>Reynosa, Tam.- Al conmemorarse en el mes de Octubre la prevenci\u00f3n contra el cancer de mama, la Presidente Municipal Maki Esther Ortiz Dom\u00ednguez a trav\u00e9s del Sistema para el Desarrollo Integral de la Familia, DIF-Reynosa, est\u00e1 llevando a cabo la Campa\u00f1a Contra el C\u00e1ncer de Mama con exploraci\u00f3n y mastograf\u00edas gratuitas, con el fin de descartar o detectar a tiempo la enfermedad.<\/h3>\n<h3>Los ex\u00e1menes estar\u00e1n realiz\u00e1ndose en el DIF Central, ubicado sobre el bulevar Hidalgo en la colonia Hidalgo, adem\u00e1s en el m\u00f3dulo reci\u00e9n aperturado en la colonia La Joya.<\/h3>\n<h3>La Campa\u00f1a se prev\u00e9 llevar a cabo durante todo el mes, el objetivo es detectar casos de manera oportuna y evitar defunciones, el programa es para hombres y mujeres.<\/h3>\n","protected":false},"excerpt":{"rendered":"<p>Edith Jimenez Reynosa, Tam.- Al conmemorarse en el mes de Octubre la prevenci\u00f3n contra el cancer de mama, la Presidente&hellip;<\/p>\n","protected":false},"author":1,"featured_media":42850,"comment_status":"closed","ping_status":"closed","sticky":false,"template":"","format":"standard","meta":{"footnotes":""},"categories":[1,2],"tags":[],"class_list":["post-42849","post","type-post","status-publish","format-standard","has-post-thumbnail","hentry","category-destacados","category-reynosa"],"_links":{"self":[{"href":"http:\/\/www.alertaciudadana.info\/index.php?rest_route=\/wp\/v2\/posts\/42849","targetHints":{"allow":["GET"]}}],"collection":[{"href":"http:\/\/www.alertaciudadana.info\/index.php?rest_route=\/wp\/v2\/posts"}],"about":[{"href":"http:\/\/www.alertaciudadana.info\/index.php?rest_route=\/wp\/v2\/types\/post"}],"author":[{"embeddable":true,"href":"http:\/\/www.alertaciudadana.info\/index.php?rest_route=\/wp\/v2\/users\/1"}],"replies":[{"embeddable":true,"href":"http:\/\/www.alertaciudadana.info\/index.php?rest_route=%2Fwp%2Fv2%2Fcomments&post=42849"}],"version-history":[{"count":1,"href":"http:\/\/www.alertaciudadana.info\/index.php?rest_route=\/wp\/v2\/posts\/42849\/revisions"}],"predecessor-version":[{"id":42853,"href":"http:\/\/www.alertaciudadana.info\/index.php?rest_route=\/wp\/v2\/posts\/42849\/revisions\/42853"}],"wp:featuredmedia":[{"embeddable":true,"href":"http:\/\/www.alertaciudadana.info\/index.php?rest_route=\/wp\/v2\/media\/42850"}],"wp:attachment":[{"href":"http:\/\/www.alertaciudadana.info\/index.php?rest_route=%2Fwp%2Fv2%2Fmedia&parent=42849"}],"wp:term":[{"taxonomy":"category","embeddable":true,"href":"http:\/\/www.alertaciudadana.info\/index.php?rest_route=%2Fwp%2Fv2%2Fcategories&post=42849"},{"taxonomy":"post_tag","embeddable":true,"href":"http:\/\/www.alertaciudadana.info\/index.php?rest_route=%2Fwp%2Fv2%2Ftags&post=42849"}],"curies":[{"name":"wp","href":"https:\/\/api.w.org\/{rel}","templated":true}]}}