{"id":42845,"date":"2019-10-03T18:29:22","date_gmt":"2019-10-03T18:29:22","guid":{"rendered":"http:\/\/www.alertaciudadana.info\/?p=42845"},"modified":"2019-10-03T18:30:00","modified_gmt":"2019-10-03T18:30:00","slug":"incendio-causa-panico-en-las-alturas","status":"publish","type":"post","link":"http:\/\/www.alertaciudadana.info\/?p=42845","title":{"rendered":"Incendio causa p\u00e1nico en las alturas"},"content":{"rendered":"<h3><a href=\"http:\/\/www.alertaciudadana.info\/wp-content\/uploads\/2019\/10\/WaterMark_2019-10-03-13-15-11.jpg\" rel=\"attachment wp-att-42834\"><img loading=\"lazy\" decoding=\"async\" class=\"alignnone size-full wp-image-42834\" src=\"http:\/\/www.alertaciudadana.info\/wp-content\/uploads\/2019\/10\/WaterMark_2019-10-03-13-15-11.jpg\" alt=\"WaterMark_2019-10-03-13-15-11\" width=\"1080\" height=\"810\" srcset=\"http:\/\/www.alertaciudadana.info\/wp-content\/uploads\/2019\/10\/WaterMark_2019-10-03-13-15-11.jpg 1080w, http:\/\/www.alertaciudadana.info\/wp-content\/uploads\/2019\/10\/WaterMark_2019-10-03-13-15-11-300x225.jpg 300w, http:\/\/www.alertaciudadana.info\/wp-content\/uploads\/2019\/10\/WaterMark_2019-10-03-13-15-11-768x576.jpg 768w, http:\/\/www.alertaciudadana.info\/wp-content\/uploads\/2019\/10\/WaterMark_2019-10-03-13-15-11-1024x768.jpg 1024w\" sizes=\"auto, (max-width: 1080px) 100vw, 1080px\" \/><\/a><a href=\"http:\/\/www.alertaciudadana.info\/wp-content\/uploads\/2019\/10\/WaterMark_2019-10-03-13-14-54.jpg\" rel=\"attachment wp-att-42836\"><img loading=\"lazy\" decoding=\"async\" class=\"alignnone size-full wp-image-42836\" src=\"http:\/\/www.alertaciudadana.info\/wp-content\/uploads\/2019\/10\/WaterMark_2019-10-03-13-14-54.jpg\" alt=\"WaterMark_2019-10-03-13-14-54\" width=\"1080\" height=\"810\" srcset=\"http:\/\/www.alertaciudadana.info\/wp-content\/uploads\/2019\/10\/WaterMark_2019-10-03-13-14-54.jpg 1080w, http:\/\/www.alertaciudadana.info\/wp-content\/uploads\/2019\/10\/WaterMark_2019-10-03-13-14-54-300x225.jpg 300w, http:\/\/www.alertaciudadana.info\/wp-content\/uploads\/2019\/10\/WaterMark_2019-10-03-13-14-54-768x576.jpg 768w, http:\/\/www.alertaciudadana.info\/wp-content\/uploads\/2019\/10\/WaterMark_2019-10-03-13-14-54-1024x768.jpg 1024w\" sizes=\"auto, (max-width: 1080px) 100vw, 1080px\" \/><\/a><a href=\"http:\/\/www.alertaciudadana.info\/wp-content\/uploads\/2019\/10\/WaterMark_2019-10-03-13-14-27.jpg\" rel=\"attachment wp-att-42838\"><img loading=\"lazy\" decoding=\"async\" class=\"alignnone size-full wp-image-42838\" src=\"http:\/\/www.alertaciudadana.info\/wp-content\/uploads\/2019\/10\/WaterMark_2019-10-03-13-14-27.jpg\" alt=\"WaterMark_2019-10-03-13-14-27\" width=\"1080\" height=\"810\" srcset=\"http:\/\/www.alertaciudadana.info\/wp-content\/uploads\/2019\/10\/WaterMark_2019-10-03-13-14-27.jpg 1080w, http:\/\/www.alertaciudadana.info\/wp-content\/uploads\/2019\/10\/WaterMark_2019-10-03-13-14-27-300x225.jpg 300w, http:\/\/www.alertaciudadana.info\/wp-content\/uploads\/2019\/10\/WaterMark_2019-10-03-13-14-27-768x576.jpg 768w, http:\/\/www.alertaciudadana.info\/wp-content\/uploads\/2019\/10\/WaterMark_2019-10-03-13-14-27-1024x768.jpg 1024w\" sizes=\"auto, (max-width: 1080px) 100vw, 1080px\" \/><\/a><\/h3>\n<h3>javier Izaguirre Reynosa Tam.-La ma\u00f1ana de este jueves tras un llamado de emrgencia a las lihneas 911, fue que se llevoa acabo una salida de mergencia por parte de los cuerpos de rescate de bomberos de Reynosa, a quienes se les hacia mencion que en la zona centro en las calle iturvide y guadalupe victoria, emanaba una fuerte cantidad de humo.<\/h3>\n<h3>Al lugar llegaron elementos de proteccion civil y bomberos, quienes de inmediato se abocaron a sofocar el fuego, se menciono por parte de bomberso que este problema se dio debido a un corto circuito el cual rapidamente agarro un colchon y cama, originandose el incendio el cual fue controlado rapidamente por los bomberos de Reynosa.<\/h3>\n<h3>Se menciono que se debe de tener mucho cuidado a las pesroans que \u00f1les gusta tener veladoras encendidas, asi mismo tambien no dejar prendidos aparatos electrodomesticos cuando no estan en casa, esto con la intencion de evitar los incendios en casa habitaci\u00f3n como sucedi\u00f3 esta ma\u00f1ana en una casa de segunda planta que se encontraba sola.<\/h3>\n<p>&nbsp;<\/p>\n","protected":false},"excerpt":{"rendered":"<p>javier Izaguirre Reynosa Tam.-La ma\u00f1ana de este jueves tras un llamado de emrgencia a las lihneas 911, fue que se&hellip;<\/p>\n","protected":false},"author":1,"featured_media":42838,"comment_status":"closed","ping_status":"closed","sticky":false,"template":"","format":"standard","meta":{"footnotes":""},"categories":[1,8],"tags":[],"class_list":["post-42845","post","type-post","status-publish","format-standard","has-post-thumbnail","hentry","category-destacados","category-policiaca"],"_links":{"self":[{"href":"http:\/\/www.alertaciudadana.info\/index.php?rest_route=\/wp\/v2\/posts\/42845","targetHints":{"allow":["GET"]}}],"collection":[{"href":"http:\/\/www.alertaciudadana.info\/index.php?rest_route=\/wp\/v2\/posts"}],"about":[{"href":"http:\/\/www.alertaciudadana.info\/index.php?rest_route=\/wp\/v2\/types\/post"}],"author":[{"embeddable":true,"href":"http:\/\/www.alertaciudadana.info\/index.php?rest_route=\/wp\/v2\/users\/1"}],"replies":[{"embeddable":true,"href":"http:\/\/www.alertaciudadana.info\/index.php?rest_route=%2Fwp%2Fv2%2Fcomments&post=42845"}],"version-history":[{"count":2,"href":"http:\/\/www.alertaciudadana.info\/index.php?rest_route=\/wp\/v2\/posts\/42845\/revisions"}],"predecessor-version":[{"id":42852,"href":"http:\/\/www.alertaciudadana.info\/index.php?rest_route=\/wp\/v2\/posts\/42845\/revisions\/42852"}],"wp:featuredmedia":[{"embeddable":true,"href":"http:\/\/www.alertaciudadana.info\/index.php?rest_route=\/wp\/v2\/media\/42838"}],"wp:attachment":[{"href":"http:\/\/www.alertaciudadana.info\/index.php?rest_route=%2Fwp%2Fv2%2Fmedia&parent=42845"}],"wp:term":[{"taxonomy":"category","embeddable":true,"href":"http:\/\/www.alertaciudadana.info\/index.php?rest_route=%2Fwp%2Fv2%2Fcategories&post=42845"},{"taxonomy":"post_tag","embeddable":true,"href":"http:\/\/www.alertaciudadana.info\/index.php?rest_route=%2Fwp%2Fv2%2Ftags&post=42845"}],"curies":[{"name":"wp","href":"https:\/\/api.w.org\/{rel}","templated":true}]}}