{"id":42821,"date":"2019-10-03T18:10:24","date_gmt":"2019-10-03T18:10:24","guid":{"rendered":"http:\/\/www.alertaciudadana.info\/?p=42821"},"modified":"2019-10-03T18:27:18","modified_gmt":"2019-10-03T18:27:18","slug":"ofrecen-empleos-a-personas-con-discapacidad","status":"publish","type":"post","link":"http:\/\/www.alertaciudadana.info\/?p=42821","title":{"rendered":"Ofrecen empleos a personas con discapacidad"},"content":{"rendered":"<p><a href=\"http:\/\/www.alertaciudadana.info\/wp-content\/uploads\/2019\/10\/WaterMark_2019-10-03-13-01-27.jpg\" rel=\"attachment wp-att-42824\"><img loading=\"lazy\" decoding=\"async\" class=\"alignnone wp-image-42824\" src=\"http:\/\/www.alertaciudadana.info\/wp-content\/uploads\/2019\/10\/WaterMark_2019-10-03-13-01-27.jpg\" alt=\"WaterMark_2019-10-03-13-01-27\" width=\"610\" height=\"343\" srcset=\"http:\/\/www.alertaciudadana.info\/wp-content\/uploads\/2019\/10\/WaterMark_2019-10-03-13-01-27.jpg 1080w, http:\/\/www.alertaciudadana.info\/wp-content\/uploads\/2019\/10\/WaterMark_2019-10-03-13-01-27-300x169.jpg 300w, http:\/\/www.alertaciudadana.info\/wp-content\/uploads\/2019\/10\/WaterMark_2019-10-03-13-01-27-768x432.jpg 768w, http:\/\/www.alertaciudadana.info\/wp-content\/uploads\/2019\/10\/WaterMark_2019-10-03-13-01-27-1024x576.jpg 1024w\" sizes=\"auto, (max-width: 610px) 100vw, 610px\" \/><\/a><\/p>\n<h3>Edith Jimenez<\/h3>\n<h3>Reynosa, Tam.-A fin de brindar oportunidades laborales a personas con alguna discapacidad, la Direcci\u00f3n de Empleo y Productividad del Municipio se encuentra organizando la Primer Feria del Empleo para Discapacitados, la cual se llevar\u00e1 a cabo el pr\u00f3ximo 10 de octubre a partir de las 9 de la ma\u00f1ana y hasta la 1 de la tarde.<\/h3>\n<h3>Felipe Rodr\u00edguez, dio a conocer que hay alrededor de 350 vacantes, los giros son industrial, comercial y de servicios, en empresas maquiladoras, centros comerciales y puestos administrativos.<\/h3>\n<h3>La Feria tendr\u00e1 lugar en el Hotel Altavista, ubicado en la colonia la Cima, confiando que la asistencia de los ciudadanos sera favorable, haciendo m\u00e1s accesible la colocaci\u00f3n de vacantes, as\u00ed como\u00a0economizar gastos a los interesados, quienes deber\u00e1n presentar documentaci\u00f3n en original y copia.<\/h3>\n<p>&nbsp;<\/p>\n","protected":false},"excerpt":{"rendered":"<p>Edith Jimenez Reynosa, Tam.-A fin de brindar oportunidades laborales a personas con alguna discapacidad, la Direcci\u00f3n de Empleo y Productividad&hellip;<\/p>\n","protected":false},"author":1,"featured_media":42848,"comment_status":"closed","ping_status":"closed","sticky":false,"template":"","format":"standard","meta":{"footnotes":""},"categories":[1,2],"tags":[],"class_list":["post-42821","post","type-post","status-publish","format-standard","has-post-thumbnail","hentry","category-destacados","category-reynosa"],"_links":{"self":[{"href":"http:\/\/www.alertaciudadana.info\/index.php?rest_route=\/wp\/v2\/posts\/42821","targetHints":{"allow":["GET"]}}],"collection":[{"href":"http:\/\/www.alertaciudadana.info\/index.php?rest_route=\/wp\/v2\/posts"}],"about":[{"href":"http:\/\/www.alertaciudadana.info\/index.php?rest_route=\/wp\/v2\/types\/post"}],"author":[{"embeddable":true,"href":"http:\/\/www.alertaciudadana.info\/index.php?rest_route=\/wp\/v2\/users\/1"}],"replies":[{"embeddable":true,"href":"http:\/\/www.alertaciudadana.info\/index.php?rest_route=%2Fwp%2Fv2%2Fcomments&post=42821"}],"version-history":[{"count":2,"href":"http:\/\/www.alertaciudadana.info\/index.php?rest_route=\/wp\/v2\/posts\/42821\/revisions"}],"predecessor-version":[{"id":42828,"href":"http:\/\/www.alertaciudadana.info\/index.php?rest_route=\/wp\/v2\/posts\/42821\/revisions\/42828"}],"wp:featuredmedia":[{"embeddable":true,"href":"http:\/\/www.alertaciudadana.info\/index.php?rest_route=\/wp\/v2\/media\/42848"}],"wp:attachment":[{"href":"http:\/\/www.alertaciudadana.info\/index.php?rest_route=%2Fwp%2Fv2%2Fmedia&parent=42821"}],"wp:term":[{"taxonomy":"category","embeddable":true,"href":"http:\/\/www.alertaciudadana.info\/index.php?rest_route=%2Fwp%2Fv2%2Fcategories&post=42821"},{"taxonomy":"post_tag","embeddable":true,"href":"http:\/\/www.alertaciudadana.info\/index.php?rest_route=%2Fwp%2Fv2%2Ftags&post=42821"}],"curies":[{"name":"wp","href":"https:\/\/api.w.org\/{rel}","templated":true}]}}