{"id":42046,"date":"2019-09-11T18:13:29","date_gmt":"2019-09-11T18:13:29","guid":{"rendered":"http:\/\/www.alertaciudadana.info\/?p=42046"},"modified":"2019-09-11T18:13:29","modified_gmt":"2019-09-11T18:13:29","slug":"meten-a-secuestrador-a-la-carcel","status":"publish","type":"post","link":"http:\/\/www.alertaciudadana.info\/?p=42046","title":{"rendered":"Meten a secuestrador a la carcel"},"content":{"rendered":"<p><a href=\"http:\/\/www.alertaciudadana.info\/wp-content\/uploads\/2019\/09\/IMG-20190911-WA0037.jpg\" rel=\"attachment wp-att-42047\"><img loading=\"lazy\" decoding=\"async\" class=\"alignnone size-full wp-image-42047\" src=\"http:\/\/www.alertaciudadana.info\/wp-content\/uploads\/2019\/09\/IMG-20190911-WA0037.jpg\" alt=\"IMG-20190911-WA0037\" width=\"736\" height=\"1063\" srcset=\"http:\/\/www.alertaciudadana.info\/wp-content\/uploads\/2019\/09\/IMG-20190911-WA0037.jpg 736w, http:\/\/www.alertaciudadana.info\/wp-content\/uploads\/2019\/09\/IMG-20190911-WA0037-208x300.jpg 208w, http:\/\/www.alertaciudadana.info\/wp-content\/uploads\/2019\/09\/IMG-20190911-WA0037-709x1024.jpg 709w\" sizes=\"auto, (max-width: 736px) 100vw, 736px\" \/><\/a><\/p>\n<h3>Tampico, Tamaulipas.- La Procuradur\u00eda General de Justicia de Tamaulipas informa que fue vinculado a proceso Ces\u00e1reo Armando \u201cN\u201d por el delito de secuestro agravado. Un Juez de Control decret\u00f3 la medida, despu\u00e9s de que el Agente del Ministerio P\u00fablico presentar\u00e1 elementos que implican al acusado en el citado delito, por hechos registrados el 23 de febrero del 2018 en este municipio, cuando secuestraron a un menor de edad por el que exig\u00edan 800 mil pesos para su liberaci\u00f3n. La autoridad judicial estableci\u00f3, adem\u00e1s, prisi\u00f3n preventiva por el tiempo que dure el proceso, as\u00ed como dos meses de plazo para el cierre de la investigaci\u00f3n complementaria. Con acciones como esta, el Gobierno de Tamaulipas, a trav\u00e9s de la Procuradur\u00eda General de Justicia del Estado, reitera su compromiso de combatir sin tregua el delito, y de utilizar todos los medios jur\u00eddicos a su alcance para llevar ante la justicia a todos aquellos que atenten contra la libertad de los tamaulipecos.<\/h3>\n","protected":false},"excerpt":{"rendered":"<p>Tampico, Tamaulipas.- La Procuradur\u00eda General de Justicia de Tamaulipas informa que fue vinculado a proceso Ces\u00e1reo Armando \u201cN\u201d por el&hellip;<\/p>\n","protected":false},"author":1,"featured_media":42047,"comment_status":"closed","ping_status":"closed","sticky":false,"template":"","format":"standard","meta":{"footnotes":""},"categories":[1,14],"tags":[],"class_list":["post-42046","post","type-post","status-publish","format-standard","has-post-thumbnail","hentry","category-destacados","category-tampico"],"_links":{"self":[{"href":"http:\/\/www.alertaciudadana.info\/index.php?rest_route=\/wp\/v2\/posts\/42046","targetHints":{"allow":["GET"]}}],"collection":[{"href":"http:\/\/www.alertaciudadana.info\/index.php?rest_route=\/wp\/v2\/posts"}],"about":[{"href":"http:\/\/www.alertaciudadana.info\/index.php?rest_route=\/wp\/v2\/types\/post"}],"author":[{"embeddable":true,"href":"http:\/\/www.alertaciudadana.info\/index.php?rest_route=\/wp\/v2\/users\/1"}],"replies":[{"embeddable":true,"href":"http:\/\/www.alertaciudadana.info\/index.php?rest_route=%2Fwp%2Fv2%2Fcomments&post=42046"}],"version-history":[{"count":1,"href":"http:\/\/www.alertaciudadana.info\/index.php?rest_route=\/wp\/v2\/posts\/42046\/revisions"}],"predecessor-version":[{"id":42048,"href":"http:\/\/www.alertaciudadana.info\/index.php?rest_route=\/wp\/v2\/posts\/42046\/revisions\/42048"}],"wp:featuredmedia":[{"embeddable":true,"href":"http:\/\/www.alertaciudadana.info\/index.php?rest_route=\/wp\/v2\/media\/42047"}],"wp:attachment":[{"href":"http:\/\/www.alertaciudadana.info\/index.php?rest_route=%2Fwp%2Fv2%2Fmedia&parent=42046"}],"wp:term":[{"taxonomy":"category","embeddable":true,"href":"http:\/\/www.alertaciudadana.info\/index.php?rest_route=%2Fwp%2Fv2%2Fcategories&post=42046"},{"taxonomy":"post_tag","embeddable":true,"href":"http:\/\/www.alertaciudadana.info\/index.php?rest_route=%2Fwp%2Fv2%2Ftags&post=42046"}],"curies":[{"name":"wp","href":"https:\/\/api.w.org\/{rel}","templated":true}]}}