{"id":41857,"date":"2019-09-06T15:28:18","date_gmt":"2019-09-06T15:28:18","guid":{"rendered":"http:\/\/www.alertaciudadana.info\/?p=41857"},"modified":"2019-09-06T17:22:01","modified_gmt":"2019-09-06T17:22:01","slug":"cae-trio-de-secuestradores-de-reynosa","status":"publish","type":"post","link":"http:\/\/www.alertaciudadana.info\/?p=41857","title":{"rendered":"Cae tr\u00edo de secuestradores de Reynosa"},"content":{"rendered":"<h3><a href=\"http:\/\/www.alertaciudadana.info\/wp-content\/uploads\/2019\/09\/1-1.jpg\" rel=\"attachment wp-att-41858\"><img loading=\"lazy\" decoding=\"async\" class=\"alignnone size-full wp-image-41858\" src=\"http:\/\/www.alertaciudadana.info\/wp-content\/uploads\/2019\/09\/1-1.jpg\" alt=\"1\" width=\"427\" height=\"582\" srcset=\"http:\/\/www.alertaciudadana.info\/wp-content\/uploads\/2019\/09\/1-1.jpg 427w, http:\/\/www.alertaciudadana.info\/wp-content\/uploads\/2019\/09\/1-1-220x300.jpg 220w\" sizes=\"auto, (max-width: 427px) 100vw, 427px\" \/><\/a> <a href=\"http:\/\/www.alertaciudadana.info\/wp-content\/uploads\/2019\/09\/2.jpg\" rel=\"attachment wp-att-41859\"><img loading=\"lazy\" decoding=\"async\" class=\"alignnone size-full wp-image-41859\" src=\"http:\/\/www.alertaciudadana.info\/wp-content\/uploads\/2019\/09\/2.jpg\" alt=\"2\" width=\"425\" height=\"575\" srcset=\"http:\/\/www.alertaciudadana.info\/wp-content\/uploads\/2019\/09\/2.jpg 425w, http:\/\/www.alertaciudadana.info\/wp-content\/uploads\/2019\/09\/2-222x300.jpg 222w\" sizes=\"auto, (max-width: 425px) 100vw, 425px\" \/><\/a> <a href=\"http:\/\/www.alertaciudadana.info\/wp-content\/uploads\/2019\/09\/thumbnail_PGJ-242-2019.-Comunicado-05-Septiembre-2019-3.jpg\" rel=\"attachment wp-att-41860\"><img loading=\"lazy\" decoding=\"async\" class=\"alignnone size-full wp-image-41860\" src=\"http:\/\/www.alertaciudadana.info\/wp-content\/uploads\/2019\/09\/thumbnail_PGJ-242-2019.-Comunicado-05-Septiembre-2019-3.jpg\" alt=\"thumbnail_PGJ-242-2019.-Comunicado 05 Septiembre 2019 (3)\" width=\"425\" height=\"575\" srcset=\"http:\/\/www.alertaciudadana.info\/wp-content\/uploads\/2019\/09\/thumbnail_PGJ-242-2019.-Comunicado-05-Septiembre-2019-3.jpg 425w, http:\/\/www.alertaciudadana.info\/wp-content\/uploads\/2019\/09\/thumbnail_PGJ-242-2019.-Comunicado-05-Septiembre-2019-3-222x300.jpg 222w\" sizes=\"auto, (max-width: 425px) 100vw, 425px\" \/><\/a><\/h3>\n<h3>Reynosa, Tamaulipas.- La Procuradur\u00eda General de Justicia de Tamaulipas que fueron vinculados a proceso Juan \u201cN\u201d, Tom\u00e1s \u00abN\u00bb y Jorge Adalberto \u201cN\u201d por el delito de secuestro agravado.<\/h3>\n<h3>El Agente del Ministerio P\u00fablico present\u00f3 ante la autoridad judicial elementos que implican a los imputados en el secuestro de una persona, hechos ocurridos el pasado 26 de agosto en la colonia Voluntad y Trabajo de este municipio.<\/h3>\n<h3>Juan \u201cN\u201d, Tom\u00e1s \u00abN\u00bb y Jorge Adalberto \u201cN\u201d permanecer\u00e1n en prisi\u00f3n preventiva por el tiempo que dure el proceso, acorde a lo establecido por un Juez de Control, quien adem\u00e1s fij\u00f3 un plazo de seis meses para el cierre de la investigaci\u00f3n complementaria.<\/h3>\n<h3>Los imputados fueron detenidos por Agentes de la Coordinaci\u00f3n Estatal Antisecuestro quienes, despu\u00e9s de una oportuna denuncia ciudadana, montaron un operativo que permiti\u00f3 liberar a la v\u00edctima y detener a los imputados.<\/h3>\n<h3>Con acciones como esta, el Gobierno de Tamaulipas, por conducto de la Procuradur\u00eda General de Justicia del Estado, mantiene vigente su compromiso de combatir el delito y llevar ante la justicia a todos aquellos que atenten contra la libertad de los ciudadanos.<\/h3>\n","protected":false},"excerpt":{"rendered":"<p>Reynosa, Tamaulipas.- La Procuradur\u00eda General de Justicia de Tamaulipas que fueron vinculados a proceso Juan \u201cN\u201d, Tom\u00e1s \u00abN\u00bb y Jorge&hellip;<\/p>\n","protected":false},"author":1,"featured_media":41860,"comment_status":"closed","ping_status":"closed","sticky":false,"template":"","format":"standard","meta":{"footnotes":""},"categories":[1,8],"tags":[],"class_list":["post-41857","post","type-post","status-publish","format-standard","has-post-thumbnail","hentry","category-destacados","category-policiaca"],"_links":{"self":[{"href":"http:\/\/www.alertaciudadana.info\/index.php?rest_route=\/wp\/v2\/posts\/41857","targetHints":{"allow":["GET"]}}],"collection":[{"href":"http:\/\/www.alertaciudadana.info\/index.php?rest_route=\/wp\/v2\/posts"}],"about":[{"href":"http:\/\/www.alertaciudadana.info\/index.php?rest_route=\/wp\/v2\/types\/post"}],"author":[{"embeddable":true,"href":"http:\/\/www.alertaciudadana.info\/index.php?rest_route=\/wp\/v2\/users\/1"}],"replies":[{"embeddable":true,"href":"http:\/\/www.alertaciudadana.info\/index.php?rest_route=%2Fwp%2Fv2%2Fcomments&post=41857"}],"version-history":[{"count":2,"href":"http:\/\/www.alertaciudadana.info\/index.php?rest_route=\/wp\/v2\/posts\/41857\/revisions"}],"predecessor-version":[{"id":41887,"href":"http:\/\/www.alertaciudadana.info\/index.php?rest_route=\/wp\/v2\/posts\/41857\/revisions\/41887"}],"wp:featuredmedia":[{"embeddable":true,"href":"http:\/\/www.alertaciudadana.info\/index.php?rest_route=\/wp\/v2\/media\/41860"}],"wp:attachment":[{"href":"http:\/\/www.alertaciudadana.info\/index.php?rest_route=%2Fwp%2Fv2%2Fmedia&parent=41857"}],"wp:term":[{"taxonomy":"category","embeddable":true,"href":"http:\/\/www.alertaciudadana.info\/index.php?rest_route=%2Fwp%2Fv2%2Fcategories&post=41857"},{"taxonomy":"post_tag","embeddable":true,"href":"http:\/\/www.alertaciudadana.info\/index.php?rest_route=%2Fwp%2Fv2%2Ftags&post=41857"}],"curies":[{"name":"wp","href":"https:\/\/api.w.org\/{rel}","templated":true}]}}