{"id":41224,"date":"2019-08-21T00:19:02","date_gmt":"2019-08-21T00:19:02","guid":{"rendered":"http:\/\/www.alertaciudadana.info\/?p=41224"},"modified":"2019-08-21T00:19:02","modified_gmt":"2019-08-21T00:19:02","slug":"desmantelan-antena-de-radiocomunicacion-ilegal","status":"publish","type":"post","link":"http:\/\/www.alertaciudadana.info\/?p=41224","title":{"rendered":"Desmantelan antena de radiocomunicaci\u00f3n ilegal"},"content":{"rendered":"<h3><a href=\"http:\/\/www.alertaciudadana.info\/wp-content\/uploads\/2019\/08\/4567890.jpeg\" rel=\"attachment wp-att-41225\"><img loading=\"lazy\" decoding=\"async\" class=\"alignnone  wp-image-41225\" src=\"http:\/\/www.alertaciudadana.info\/wp-content\/uploads\/2019\/08\/4567890.jpeg\" alt=\"4567890\" width=\"416\" height=\"613\" srcset=\"http:\/\/www.alertaciudadana.info\/wp-content\/uploads\/2019\/08\/4567890.jpeg 581w, http:\/\/www.alertaciudadana.info\/wp-content\/uploads\/2019\/08\/4567890-204x300.jpeg 204w\" sizes=\"auto, (max-width: 416px) 100vw, 416px\" \/><\/a><\/h3>\n<h3>Matamoros, Tam.- El Gobierno del Estado a trav\u00e9s de la Secretar\u00eda de Seguridad P\u00fablica informa que personal de la Polic\u00eda Estatal desmantel\u00f3 una antena de radiocomunicaci\u00f3n ilegal que presumiblemente era utilizada por un grupo delincuencial.<\/h3>\n<h3>Cerca de las 22:30 horas, elementos estatales que realizaban recorridos de seguridad y vigilancia en la colonia Villa de Cortez, detectaron en la esquina de la calle Celsa de Cortez y Colina, a un hombre que al percatarse de la presencia de los uniformados empez\u00f3 a correr sin que le pudiera dar alcance.<\/h3>\n<h3>En el lugar de donde sali\u00f3 el sospechoso, los Polic\u00edas Estatales encontraron una caja rectangular met\u00e1lica conectada a una antena repetidora de radiocomunicaci\u00f3n, equipo que es utilizado por grupos delincuenciales, procediendo a desinstalarla.<\/h3>\n<h3>El equipo asegurado fue puesto a disposici\u00f3n de la Agencia del Ministerio P\u00fablico correspondiente, instancia que se encargar\u00e1 de emprender las indagatorias pertinentes.<\/h3>\n","protected":false},"excerpt":{"rendered":"<p>Matamoros, Tam.- El Gobierno del Estado a trav\u00e9s de la Secretar\u00eda de Seguridad P\u00fablica informa que personal de la Polic\u00eda&hellip;<\/p>\n","protected":false},"author":1,"featured_media":41225,"comment_status":"closed","ping_status":"closed","sticky":false,"template":"","format":"standard","meta":{"footnotes":""},"categories":[1,13,8],"tags":[],"class_list":["post-41224","post","type-post","status-publish","format-standard","has-post-thumbnail","hentry","category-destacados","category-matamoros","category-policiaca"],"_links":{"self":[{"href":"http:\/\/www.alertaciudadana.info\/index.php?rest_route=\/wp\/v2\/posts\/41224","targetHints":{"allow":["GET"]}}],"collection":[{"href":"http:\/\/www.alertaciudadana.info\/index.php?rest_route=\/wp\/v2\/posts"}],"about":[{"href":"http:\/\/www.alertaciudadana.info\/index.php?rest_route=\/wp\/v2\/types\/post"}],"author":[{"embeddable":true,"href":"http:\/\/www.alertaciudadana.info\/index.php?rest_route=\/wp\/v2\/users\/1"}],"replies":[{"embeddable":true,"href":"http:\/\/www.alertaciudadana.info\/index.php?rest_route=%2Fwp%2Fv2%2Fcomments&post=41224"}],"version-history":[{"count":1,"href":"http:\/\/www.alertaciudadana.info\/index.php?rest_route=\/wp\/v2\/posts\/41224\/revisions"}],"predecessor-version":[{"id":41226,"href":"http:\/\/www.alertaciudadana.info\/index.php?rest_route=\/wp\/v2\/posts\/41224\/revisions\/41226"}],"wp:featuredmedia":[{"embeddable":true,"href":"http:\/\/www.alertaciudadana.info\/index.php?rest_route=\/wp\/v2\/media\/41225"}],"wp:attachment":[{"href":"http:\/\/www.alertaciudadana.info\/index.php?rest_route=%2Fwp%2Fv2%2Fmedia&parent=41224"}],"wp:term":[{"taxonomy":"category","embeddable":true,"href":"http:\/\/www.alertaciudadana.info\/index.php?rest_route=%2Fwp%2Fv2%2Fcategories&post=41224"},{"taxonomy":"post_tag","embeddable":true,"href":"http:\/\/www.alertaciudadana.info\/index.php?rest_route=%2Fwp%2Fv2%2Ftags&post=41224"}],"curies":[{"name":"wp","href":"https:\/\/api.w.org\/{rel}","templated":true}]}}