{"id":40932,"date":"2019-08-09T23:17:44","date_gmt":"2019-08-09T23:17:44","guid":{"rendered":"http:\/\/www.alertaciudadana.info\/?p=40932"},"modified":"2019-08-09T23:17:44","modified_gmt":"2019-08-09T23:17:44","slug":"rescatan-a-secuestrado-en-reynosa-gracias-a-su-hermano","status":"publish","type":"post","link":"http:\/\/www.alertaciudadana.info\/?p=40932","title":{"rendered":"Rescatan a secuestrado en Reynosa gracias a su hermano"},"content":{"rendered":"<h3><a href=\"http:\/\/www.alertaciudadana.info\/wp-content\/uploads\/2019\/08\/WaterMark_2019-08-08-17-06-40.jpg\" rel=\"attachment wp-att-40900\"><img loading=\"lazy\" decoding=\"async\" class=\"alignnone size-full wp-image-40900\" src=\"http:\/\/www.alertaciudadana.info\/wp-content\/uploads\/2019\/08\/WaterMark_2019-08-08-17-06-40.jpg\" alt=\"WaterMark_2019-08-08-17-06-40\" width=\"720\" height=\"405\" srcset=\"http:\/\/www.alertaciudadana.info\/wp-content\/uploads\/2019\/08\/WaterMark_2019-08-08-17-06-40.jpg 720w, http:\/\/www.alertaciudadana.info\/wp-content\/uploads\/2019\/08\/WaterMark_2019-08-08-17-06-40-300x169.jpg 300w\" sizes=\"auto, (max-width: 720px) 100vw, 720px\" \/><\/a><\/h3>\n<h3>Reynosa, Tamaulipas.- El Gobierno del Estado a trav\u00e9s de la Secretar\u00eda de Seguridad P\u00fablica informa que, la ma\u00f1ana de este jueves 8 de agosto en este municipio, personal de la Polic\u00eda Estatal rescat\u00f3 a una persona que se encontraba privada de su libertad, adem\u00e1s de llevar a cabo la detenci\u00f3n de dos personas. Los hechos se registraron alrededor de las 10:45 horas, cuando elementos estatales realizaban recorridos de seguridad y vigilancia en la colonia Villas de la Joya, fueron abordados por un ciudadano quien solicit\u00f3 ayuda al denunciar que su hermano se encontraba secuestrado y sab\u00eda d\u00f3nde estaba. El denunciante revel\u00f3 la ubicaci\u00f3n de dos domicilios a los Polic\u00edas Estatales. Con el apoyo de la Polic\u00eda Investigadora, los agentes llegaron a una vivienda ubicada en el fraccionamiento Residencial Loma Bonita, que result\u00f3 estar abandonada. Al continuar con la b\u00fasqueda, los Polic\u00edas Estatales se trasladaron a un domicilio de la colonia Loma Real de Jarachina, donde se escucharon gritos de auxilio. Ah\u00ed encontraron a dos personas, uno de ellos que dijo ser el propietario de la casa, quienes al ser cuestionados revelaron que hab\u00eda una persona en un cuarto. Tras solicitar el acceso, los efectivos de la estatal encontraron en la habitaci\u00f3n a un hombre atado de manos y pies, solicitando ayuda para ser liberado ya que aseguraba que los dos hombres lo ten\u00edan encerrado desde hac\u00eda dos d\u00edas en esa casa, adem\u00e1s de haber estado tambi\u00e9n privado de su libertad en otro domicilio. La identidad del joven de 24 a\u00f1os coincidi\u00f3 con la del reporte que origin\u00f3 el operativo de b\u00fasqueda. En el lugar se cont\u00f3 con el apoyo de la Polic\u00eda Federal para el reforzamiento de seguridad del per\u00edmetro. Los dos hombres detenidos, fueron puestos a disposici\u00f3n de la Agencia Antisecuestros de la Procuradur\u00eda General de Justicia del Estado (PGJE), para que d\u00e9 inicio a la investigaci\u00f3n correspondiente.<\/h3>\n","protected":false},"excerpt":{"rendered":"<p>Reynosa, Tamaulipas.- El Gobierno del Estado a trav\u00e9s de la Secretar\u00eda de Seguridad P\u00fablica informa que, la ma\u00f1ana de este&hellip;<\/p>\n","protected":false},"author":1,"featured_media":40900,"comment_status":"closed","ping_status":"closed","sticky":false,"template":"","format":"standard","meta":{"footnotes":""},"categories":[1,8],"tags":[],"class_list":["post-40932","post","type-post","status-publish","format-standard","has-post-thumbnail","hentry","category-destacados","category-policiaca"],"_links":{"self":[{"href":"http:\/\/www.alertaciudadana.info\/index.php?rest_route=\/wp\/v2\/posts\/40932","targetHints":{"allow":["GET"]}}],"collection":[{"href":"http:\/\/www.alertaciudadana.info\/index.php?rest_route=\/wp\/v2\/posts"}],"about":[{"href":"http:\/\/www.alertaciudadana.info\/index.php?rest_route=\/wp\/v2\/types\/post"}],"author":[{"embeddable":true,"href":"http:\/\/www.alertaciudadana.info\/index.php?rest_route=\/wp\/v2\/users\/1"}],"replies":[{"embeddable":true,"href":"http:\/\/www.alertaciudadana.info\/index.php?rest_route=%2Fwp%2Fv2%2Fcomments&post=40932"}],"version-history":[{"count":1,"href":"http:\/\/www.alertaciudadana.info\/index.php?rest_route=\/wp\/v2\/posts\/40932\/revisions"}],"predecessor-version":[{"id":40933,"href":"http:\/\/www.alertaciudadana.info\/index.php?rest_route=\/wp\/v2\/posts\/40932\/revisions\/40933"}],"wp:featuredmedia":[{"embeddable":true,"href":"http:\/\/www.alertaciudadana.info\/index.php?rest_route=\/wp\/v2\/media\/40900"}],"wp:attachment":[{"href":"http:\/\/www.alertaciudadana.info\/index.php?rest_route=%2Fwp%2Fv2%2Fmedia&parent=40932"}],"wp:term":[{"taxonomy":"category","embeddable":true,"href":"http:\/\/www.alertaciudadana.info\/index.php?rest_route=%2Fwp%2Fv2%2Fcategories&post=40932"},{"taxonomy":"post_tag","embeddable":true,"href":"http:\/\/www.alertaciudadana.info\/index.php?rest_route=%2Fwp%2Fv2%2Ftags&post=40932"}],"curies":[{"name":"wp","href":"https:\/\/api.w.org\/{rel}","templated":true}]}}