{"id":39899,"date":"2019-07-08T16:30:09","date_gmt":"2019-07-08T16:30:09","guid":{"rendered":"http:\/\/www.alertaciudadana.info\/?p=39899"},"modified":"2019-07-08T16:30:24","modified_gmt":"2019-07-08T16:30:24","slug":"detienen-a-ladron-de-autos-en-reynosa","status":"publish","type":"post","link":"http:\/\/www.alertaciudadana.info\/?p=39899","title":{"rendered":"Detienen a ladr\u00f3n de autos en Reynosa"},"content":{"rendered":"<h3><a href=\"http:\/\/www.alertaciudadana.info\/wp-content\/uploads\/2019\/07\/carro.jpg\" rel=\"attachment wp-att-39900\"><img loading=\"lazy\" decoding=\"async\" class=\"alignnone size-full wp-image-39900\" src=\"http:\/\/www.alertaciudadana.info\/wp-content\/uploads\/2019\/07\/carro.jpg\" alt=\"carro\" width=\"1280\" height=\"622\" srcset=\"http:\/\/www.alertaciudadana.info\/wp-content\/uploads\/2019\/07\/carro.jpg 1280w, http:\/\/www.alertaciudadana.info\/wp-content\/uploads\/2019\/07\/carro-300x146.jpg 300w, http:\/\/www.alertaciudadana.info\/wp-content\/uploads\/2019\/07\/carro-768x373.jpg 768w, http:\/\/www.alertaciudadana.info\/wp-content\/uploads\/2019\/07\/carro-1024x498.jpg 1024w\" sizes=\"auto, (max-width: 1280px) 100vw, 1280px\" \/><\/a><\/h3>\n<h3>Reynosa, Tamaulipas. &#8211; El Gobierno del Estado a trav\u00e9s de la Secretar\u00eda de Seguridad P\u00fablica informa que, la tarde de este s\u00e1bado 6 de julio en este municipio, personal de la Polic\u00eda Estatal recuper\u00f3 un veh\u00edculo con reporte de robo y la detenci\u00f3n de una persona.<\/h3>\n<h3>Los hechos se registraron alrededor de las 19:20 horas, cuando los elementos estatales acudieron a un reporte de C4, que informaba que sobre el boulevard Morelos circulaba un autom\u00f3vil con las caracter\u00edsticas de uno que hab\u00eda sido robado en el municipio de R\u00edo Bravo.<\/h3>\n<h3>Los Polic\u00edas Estatales lograron darle alcance a la altura de una tienda comercial marc\u00e1ndole el alto a un Ford Fusion color blanco, procediendo a entrevistar al conductor y realizar una inspecci\u00f3n de rutina, revisando el n\u00famero de serie confirmando que contaba con reporte de robo, por lo que se solicit\u00f3 el servicio de gr\u00faa para su traslado.<\/h3>\n<h3>El autom\u00f3vil y la persona fueron puestos a disposici\u00f3n de la Unidad Especializada en Robo de Veh\u00edculos de la Procuradur\u00eda General de Justicia del Estado (PGJE) para que lleve a cabo las indagatorias correspondientes.<\/h3>\n","protected":false},"excerpt":{"rendered":"<p>Reynosa, Tamaulipas. &#8211; El Gobierno del Estado a trav\u00e9s de la Secretar\u00eda de Seguridad P\u00fablica informa que, la tarde de&hellip;<\/p>\n","protected":false},"author":1,"featured_media":39900,"comment_status":"closed","ping_status":"closed","sticky":false,"template":"","format":"standard","meta":{"footnotes":""},"categories":[1,2],"tags":[],"class_list":["post-39899","post","type-post","status-publish","format-standard","has-post-thumbnail","hentry","category-destacados","category-reynosa"],"_links":{"self":[{"href":"http:\/\/www.alertaciudadana.info\/index.php?rest_route=\/wp\/v2\/posts\/39899","targetHints":{"allow":["GET"]}}],"collection":[{"href":"http:\/\/www.alertaciudadana.info\/index.php?rest_route=\/wp\/v2\/posts"}],"about":[{"href":"http:\/\/www.alertaciudadana.info\/index.php?rest_route=\/wp\/v2\/types\/post"}],"author":[{"embeddable":true,"href":"http:\/\/www.alertaciudadana.info\/index.php?rest_route=\/wp\/v2\/users\/1"}],"replies":[{"embeddable":true,"href":"http:\/\/www.alertaciudadana.info\/index.php?rest_route=%2Fwp%2Fv2%2Fcomments&post=39899"}],"version-history":[{"count":1,"href":"http:\/\/www.alertaciudadana.info\/index.php?rest_route=\/wp\/v2\/posts\/39899\/revisions"}],"predecessor-version":[{"id":39901,"href":"http:\/\/www.alertaciudadana.info\/index.php?rest_route=\/wp\/v2\/posts\/39899\/revisions\/39901"}],"wp:featuredmedia":[{"embeddable":true,"href":"http:\/\/www.alertaciudadana.info\/index.php?rest_route=\/wp\/v2\/media\/39900"}],"wp:attachment":[{"href":"http:\/\/www.alertaciudadana.info\/index.php?rest_route=%2Fwp%2Fv2%2Fmedia&parent=39899"}],"wp:term":[{"taxonomy":"category","embeddable":true,"href":"http:\/\/www.alertaciudadana.info\/index.php?rest_route=%2Fwp%2Fv2%2Fcategories&post=39899"},{"taxonomy":"post_tag","embeddable":true,"href":"http:\/\/www.alertaciudadana.info\/index.php?rest_route=%2Fwp%2Fv2%2Ftags&post=39899"}],"curies":[{"name":"wp","href":"https:\/\/api.w.org\/{rel}","templated":true}]}}