{"id":39318,"date":"2019-06-20T22:52:20","date_gmt":"2019-06-20T22:52:20","guid":{"rendered":"http:\/\/www.alertaciudadana.info\/?p=39318"},"modified":"2019-06-20T22:52:20","modified_gmt":"2019-06-20T22:52:20","slug":"gobierno-y-sociedad-civil-fortalecen-su-vinculacion-para-definir-politicas-publicas","status":"publish","type":"post","link":"http:\/\/www.alertaciudadana.info\/?p=39318","title":{"rendered":"Gobierno y sociedad civil fortalecen su vinculaci\u00f3n para definir pol\u00edticas p\u00fablicas"},"content":{"rendered":"<h3><a href=\"http:\/\/www.alertaciudadana.info\/wp-content\/uploads\/2019\/06\/TAM-105-2019.-Gobierno-y-sociedad-civil-fortalecen-su-vinculaci\u00f3n-para-definir-pol\u00edticas-p\u00fablicas-1.jpg\" rel=\"attachment wp-att-39319\"><img loading=\"lazy\" decoding=\"async\" class=\"alignnone size-full wp-image-39319\" src=\"http:\/\/www.alertaciudadana.info\/wp-content\/uploads\/2019\/06\/TAM-105-2019.-Gobierno-y-sociedad-civil-fortalecen-su-vinculaci\u00f3n-para-definir-pol\u00edticas-p\u00fablicas-1.jpg\" alt=\"TAM-105-2019.-Gobierno y sociedad civil fortalecen su vinculaci\u00f3n para definir pol\u00edticas p\u00fablicas (1)\" width=\"6720\" height=\"4480\" srcset=\"http:\/\/www.alertaciudadana.info\/wp-content\/uploads\/2019\/06\/TAM-105-2019.-Gobierno-y-sociedad-civil-fortalecen-su-vinculaci\u00f3n-para-definir-pol\u00edticas-p\u00fablicas-1.jpg 6720w, http:\/\/www.alertaciudadana.info\/wp-content\/uploads\/2019\/06\/TAM-105-2019.-Gobierno-y-sociedad-civil-fortalecen-su-vinculaci\u00f3n-para-definir-pol\u00edticas-p\u00fablicas-1-300x200.jpg 300w, http:\/\/www.alertaciudadana.info\/wp-content\/uploads\/2019\/06\/TAM-105-2019.-Gobierno-y-sociedad-civil-fortalecen-su-vinculaci\u00f3n-para-definir-pol\u00edticas-p\u00fablicas-1-768x512.jpg 768w, http:\/\/www.alertaciudadana.info\/wp-content\/uploads\/2019\/06\/TAM-105-2019.-Gobierno-y-sociedad-civil-fortalecen-su-vinculaci\u00f3n-para-definir-pol\u00edticas-p\u00fablicas-1-1024x683.jpg 1024w\" sizes=\"auto, (max-width: 6720px) 100vw, 6720px\" \/><\/a><\/h3>\n<h3>Ciudad Victoria, Tamaulipas.- Con la participaci\u00f3n de representantes de las Mesas de Seguridad y Justicia de Tamaulipas, acad\u00e9micos y autoridades del Gobierno del Estado, este jueves se llev\u00f3 a cabo la presentaci\u00f3n del Taller de Seguridad Ciudadana, un ejercicio sin precedentes que tiene como objetivo definir pol\u00edticas p\u00fablicas, entre Sociedad y Gobierno, para el desarrollo integral de la entidad que trasciendan administraciones p\u00fablicas. Los resultados de este taller, contribuir\u00e1n tambi\u00e9n a la conformaci\u00f3n de un Instituto Estatal de Planeaci\u00f3n con car\u00e1cter de aut\u00f3nomo y el desarrollo del estudio de Gran Visi\u00f3n 2050. La presentaci\u00f3n del taller fue presidida por el gobernador Francisco Garc\u00eda Cabeza de Vaca quien destac\u00f3 que los delitos de alto impacto contin\u00faan a la baja en Tamaulipas. Convoc\u00f3 a no retroceder y apostar por la reconstrucci\u00f3n del tejido social y la atenci\u00f3n de ni\u00f1as, ni\u00f1os y j\u00f3venes. Dijo que Tamaulipas \u201cest\u00e1 debajo de la media nacional y eso es algo que debemos presumir y darlo a conocer. Sin embargo, si no se trabaja en restablecer el tejido social de qu\u00e9 nos va a servir combatir a los delincuentes si no hacemos nada con nuestros ni\u00f1os. \u00bfQu\u00e9 va a suceder? Esos ni\u00f1os van a ser los pr\u00f3ximos sicarios, asesinos y secuestradores\u201d, urgi\u00f3 el mandatario. Agreg\u00f3 que \u201cva a depender de la sociedad tamaulipeca dar continuidad y entender el fen\u00f3meno del tejido social como algo que se tiene que atender constantemente y que es tarea de todos\u201d. En ese marco, pr\u00f3ximamente se realizar\u00e1 la presentaci\u00f3n de los talleres de Desarrollo Econ\u00f3mico, Bienestar Social y Buen Gobierno, a fin de convocar el pr\u00f3ximo a\u00f1o a 4 grandes foros tem\u00e1ticos para conformar una visi\u00f3n conjunta del crecimiento y desarrollo de Tamaulipas, en los que participar\u00e1n empresarios, instituciones educativas, especialistas y sociedad civil organizada. El diagn\u00f3stico y los acuerdos alcanzados en dichos foros dar\u00e1n pie a la creaci\u00f3n de un Instituto Estatal de Planeaci\u00f3n que brinde certeza y rumbo a las pol\u00edticas p\u00fablicas estatales de forma transexenal. Con ello, se podr\u00e1 desarrollar un estudio de Gran Visi\u00f3n 2050 que identifique la ruta de un mayor desarrollo integral. \u00abEl compromiso del Gobernador en esta visi\u00f3n de largo alcance ha sido establecer un Instituto de Planeaci\u00f3n con autonom\u00eda en el que tengan asiento la sociedad civil, las c\u00e1maras empresariales, las universidades y el Gobierno. Nosotros queremos dejar este legado al estado de control y contrapesos para que haya certeza en el rumbo que deben tomar las pol\u00edticas de los subsecuentes gobiernos, que no se remiende Tamaulipas cada 6 a\u00f1os\u201d, apunt\u00f3 el Jefe de la Oficina del Gobernador, V\u00edctor Manuel S\u00e1enz Mart\u00ednez<\/h3>\n","protected":false},"excerpt":{"rendered":"<p>Ciudad Victoria, Tamaulipas.- Con la participaci\u00f3n de representantes de las Mesas de Seguridad y Justicia de Tamaulipas, acad\u00e9micos y autoridades&hellip;<\/p>\n","protected":false},"author":1,"featured_media":39319,"comment_status":"closed","ping_status":"closed","sticky":false,"template":"","format":"standard","meta":{"footnotes":""},"categories":[1,4],"tags":[],"class_list":["post-39318","post","type-post","status-publish","format-standard","has-post-thumbnail","hentry","category-destacados","category-tamaulipas"],"_links":{"self":[{"href":"http:\/\/www.alertaciudadana.info\/index.php?rest_route=\/wp\/v2\/posts\/39318","targetHints":{"allow":["GET"]}}],"collection":[{"href":"http:\/\/www.alertaciudadana.info\/index.php?rest_route=\/wp\/v2\/posts"}],"about":[{"href":"http:\/\/www.alertaciudadana.info\/index.php?rest_route=\/wp\/v2\/types\/post"}],"author":[{"embeddable":true,"href":"http:\/\/www.alertaciudadana.info\/index.php?rest_route=\/wp\/v2\/users\/1"}],"replies":[{"embeddable":true,"href":"http:\/\/www.alertaciudadana.info\/index.php?rest_route=%2Fwp%2Fv2%2Fcomments&post=39318"}],"version-history":[{"count":1,"href":"http:\/\/www.alertaciudadana.info\/index.php?rest_route=\/wp\/v2\/posts\/39318\/revisions"}],"predecessor-version":[{"id":39320,"href":"http:\/\/www.alertaciudadana.info\/index.php?rest_route=\/wp\/v2\/posts\/39318\/revisions\/39320"}],"wp:featuredmedia":[{"embeddable":true,"href":"http:\/\/www.alertaciudadana.info\/index.php?rest_route=\/wp\/v2\/media\/39319"}],"wp:attachment":[{"href":"http:\/\/www.alertaciudadana.info\/index.php?rest_route=%2Fwp%2Fv2%2Fmedia&parent=39318"}],"wp:term":[{"taxonomy":"category","embeddable":true,"href":"http:\/\/www.alertaciudadana.info\/index.php?rest_route=%2Fwp%2Fv2%2Fcategories&post=39318"},{"taxonomy":"post_tag","embeddable":true,"href":"http:\/\/www.alertaciudadana.info\/index.php?rest_route=%2Fwp%2Fv2%2Ftags&post=39318"}],"curies":[{"name":"wp","href":"https:\/\/api.w.org\/{rel}","templated":true}]}}