{"id":39169,"date":"2019-06-15T01:31:03","date_gmt":"2019-06-15T01:31:03","guid":{"rendered":"http:\/\/www.alertaciudadana.info\/?p=39169"},"modified":"2019-06-15T01:31:03","modified_gmt":"2019-06-15T01:31:03","slug":"nombra-gobernador-a-subsecretario-de-ingresos","status":"publish","type":"post","link":"http:\/\/www.alertaciudadana.info\/?p=39169","title":{"rendered":"Nombra Gobernador a Subsecretario de Ingresos."},"content":{"rendered":"<h3><a href=\"http:\/\/www.alertaciudadana.info\/wp-content\/uploads\/2019\/06\/TAM-100-2019.-Nombra-Gobernador-a-Subsecretario-de-Ingresos..jpeg\" rel=\"attachment wp-att-39170\"><img loading=\"lazy\" decoding=\"async\" class=\"alignnone size-full wp-image-39170\" src=\"http:\/\/www.alertaciudadana.info\/wp-content\/uploads\/2019\/06\/TAM-100-2019.-Nombra-Gobernador-a-Subsecretario-de-Ingresos..jpeg\" alt=\"TAM-100-2019.-Nombra Gobernador a Subsecretario de Ingresos.\" width=\"844\" height=\"636\" srcset=\"http:\/\/www.alertaciudadana.info\/wp-content\/uploads\/2019\/06\/TAM-100-2019.-Nombra-Gobernador-a-Subsecretario-de-Ingresos..jpeg 844w, http:\/\/www.alertaciudadana.info\/wp-content\/uploads\/2019\/06\/TAM-100-2019.-Nombra-Gobernador-a-Subsecretario-de-Ingresos.-300x226.jpeg 300w, http:\/\/www.alertaciudadana.info\/wp-content\/uploads\/2019\/06\/TAM-100-2019.-Nombra-Gobernador-a-Subsecretario-de-Ingresos.-768x579.jpeg 768w\" sizes=\"auto, (max-width: 844px) 100vw, 844px\" \/><\/a><\/h3>\n<h3>Ciudad Victoria, Tamaulipas.-El Gobernador, Francisco Garc\u00eda Cabeza de Vaca, nombr\u00f3 este viernes a Mauricio Guerra Mart\u00ednez como Subsecretario de Ingresos de la Secretar\u00eda de Finanzas del Gobierno de Tamaulipas. Guerra Mart\u00ednez es egresado de la Universidad Regiomontana de Monterrey, Nuevo Le\u00f3n, y cuenta con experiencia en el \u00e1mbito aduanero. Tambi\u00e9n se desempe\u00f1\u00f3 como Titular de la Unidad Jur\u00eddica de la Delegaci\u00f3n Federal de la Secretar\u00eda de Medio Ambiente y Recursos Naturales en el Estado de Tamaulipas y durante alrededor cinco a\u00f1os, ocup\u00f3 diversos cargos en la Comisi\u00f3n Nacional del Agua. Fue tambi\u00e9n regidor del Ayuntamiento de Ciudad Victoria en el 2008. De noviembre del 2016 a la fecha, se hab\u00eda desempe\u00f1ado como Jefe de la Oficina Fiscal del Estado en Ciudad Victoria. La Subsecretar\u00eda de Ingresos era ocupada de manera provisional por \u00c1ngel Galv\u00e1n Mart\u00ednez, tras la renuncia de su anterior titular, Arturo Soto Alem\u00e1n.<\/h3>\n","protected":false},"excerpt":{"rendered":"<p>Ciudad Victoria, Tamaulipas.-El Gobernador, Francisco Garc\u00eda Cabeza de Vaca, nombr\u00f3 este viernes a Mauricio Guerra Mart\u00ednez como Subsecretario de Ingresos&hellip;<\/p>\n","protected":false},"author":1,"featured_media":39170,"comment_status":"closed","ping_status":"closed","sticky":false,"template":"","format":"standard","meta":{"footnotes":""},"categories":[16,1],"tags":[],"class_list":["post-39169","post","type-post","status-publish","format-standard","has-post-thumbnail","hentry","category-ciudadvictoria","category-destacados"],"_links":{"self":[{"href":"http:\/\/www.alertaciudadana.info\/index.php?rest_route=\/wp\/v2\/posts\/39169","targetHints":{"allow":["GET"]}}],"collection":[{"href":"http:\/\/www.alertaciudadana.info\/index.php?rest_route=\/wp\/v2\/posts"}],"about":[{"href":"http:\/\/www.alertaciudadana.info\/index.php?rest_route=\/wp\/v2\/types\/post"}],"author":[{"embeddable":true,"href":"http:\/\/www.alertaciudadana.info\/index.php?rest_route=\/wp\/v2\/users\/1"}],"replies":[{"embeddable":true,"href":"http:\/\/www.alertaciudadana.info\/index.php?rest_route=%2Fwp%2Fv2%2Fcomments&post=39169"}],"version-history":[{"count":1,"href":"http:\/\/www.alertaciudadana.info\/index.php?rest_route=\/wp\/v2\/posts\/39169\/revisions"}],"predecessor-version":[{"id":39171,"href":"http:\/\/www.alertaciudadana.info\/index.php?rest_route=\/wp\/v2\/posts\/39169\/revisions\/39171"}],"wp:featuredmedia":[{"embeddable":true,"href":"http:\/\/www.alertaciudadana.info\/index.php?rest_route=\/wp\/v2\/media\/39170"}],"wp:attachment":[{"href":"http:\/\/www.alertaciudadana.info\/index.php?rest_route=%2Fwp%2Fv2%2Fmedia&parent=39169"}],"wp:term":[{"taxonomy":"category","embeddable":true,"href":"http:\/\/www.alertaciudadana.info\/index.php?rest_route=%2Fwp%2Fv2%2Fcategories&post=39169"},{"taxonomy":"post_tag","embeddable":true,"href":"http:\/\/www.alertaciudadana.info\/index.php?rest_route=%2Fwp%2Fv2%2Ftags&post=39169"}],"curies":[{"name":"wp","href":"https:\/\/api.w.org\/{rel}","templated":true}]}}