{"id":3915,"date":"2016-02-22T16:36:33","date_gmt":"2016-02-22T16:36:33","guid":{"rendered":"http:\/\/www.alertaciudadana.info\/?p=3915"},"modified":"2016-02-22T22:30:01","modified_gmt":"2016-02-22T22:30:01","slug":"3915","status":"publish","type":"post","link":"http:\/\/www.alertaciudadana.info\/?p=3915","title":{"rendered":"Detienen al ondeado cabecilla delincuencial"},"content":{"rendered":"<p><a href=\"http:\/\/www.alertaciudadana.info\/wp-content\/uploads\/2016\/02\/ondeado.jpg\" rel=\"attachment wp-att-3916\"><img loading=\"lazy\" decoding=\"async\" class=\"size-medium wp-image-3916 aligncenter\" src=\"http:\/\/www.alertaciudadana.info\/wp-content\/uploads\/2016\/02\/ondeado-205x300.jpg\" alt=\"ondeado\" width=\"205\" height=\"300\" srcset=\"http:\/\/www.alertaciudadana.info\/wp-content\/uploads\/2016\/02\/ondeado-205x300.jpg 205w, http:\/\/www.alertaciudadana.info\/wp-content\/uploads\/2016\/02\/ondeado.jpg 432w\" sizes=\"auto, (max-width: 205px) 100vw, 205px\" \/><\/a><\/p>\n<p>CD. VICTORIA, Tamaulipas.- El Grupo de Coordinaci\u00f3n Tamaulipas informa que este s\u00e1bado 20 de febrero, en el municipio de Victoria y como resultado de una denuncia ciudadana, polic\u00edas estatales de Fuerza Tamaulipas lograron la detenci\u00f3n de un cabecilla y tres integrantes de un grupo delincuencial que p<span class=\"text_exposed_hide\">&#8230;<\/span><span class=\"text_exposed_show\">erpetraron ataques armados en agravio de diversos negocios de la capital del Estado.<\/span><\/p>\n<div class=\"text_exposed_show\">\n<p>Los polic\u00edas estatales fueron alertados sobre la presencia de una camioneta Nissan Murano blanca y un autom\u00f3vil Nissan Tsuru rojo que circulaban por la calle 28 de la colonia Miguel Alem\u00e1n, con gente sospechosa a bordo, marc\u00e1ndoles el alto a la altura de la calle Guerrero, donde el copiloto del primer veh\u00edculo realiz\u00f3 disparos, inici\u00e1ndose una persecuci\u00f3n.<\/p>\n<p>Los agresores de la camioneta fueron alcanzados y detenidos en las calles 34 y Abasolo del Fraccionamiento Colinas del Parque, cuando intentaban entrar a un domicilio, siendo ellos Luis Oswaldo L\u00f3pez Mart\u00ednez, segundo al mando de un grupo delincuencial y Zury Lucero de la Fuente Flores, asegur\u00e1ndoseles un arma larga y un cargador con 30 cartuchos h\u00e1biles.<\/p>\n<p>Tambi\u00e9n fueron arrestados Juan Carlos Carrizales y Jos\u00e9 Luis Orta Amaro, quienes viajaban a bordo del Nissan Tsuru rojo, de cuyo interior les aseguraron una subametralladora y bolsas para empaquetar droga.<\/p>\n<p>Luis Oswaldo L\u00f3pez Mart\u00ednez, conocido con el sobrenombre de \u201cEl Ondeado\u201d y Zury Lucero de la Fuente, est\u00e1n relacionados con la agresi\u00f3n a un polic\u00eda estatal el pasado 15 de enero en calles del Fraccionamiento Las Palomas, al tratar de recuperar un veh\u00edculo robado. Tambi\u00e9n se les vincula con el secuestro de dos trabajadores de una empresa dedicada a la distribuci\u00f3n de carne.<\/p>\n<p>Adem\u00e1s, todos est\u00e1n siendo investigados por su probable responsabilidad en los \u00faltimos hechos de violencia registrados en Cd. Victoria, donde atacaron con armas de fuego diversos establecimientos comerciales y atentaron contra ciudadanos, algunos de los cuales fueron privados de su vida.<\/p>\n<p>Los delincuentes, las armas, las municiones y los veh\u00edculos fueron puestos a disposici\u00f3n del Agente del Ministerio P\u00fablico de la Federaci\u00f3n, quien se encargar\u00e1 de emprender la investigaci\u00f3n correspondiente.<\/p>\n<\/div>\n","protected":false},"excerpt":{"rendered":"<p>CD. VICTORIA, Tamaulipas.- El Grupo de Coordinaci\u00f3n Tamaulipas informa que este s\u00e1bado 20 de febrero, en el municipio de Victoria&hellip;<\/p>\n","protected":false},"author":1,"featured_media":3916,"comment_status":"open","ping_status":"open","sticky":false,"template":"","format":"standard","meta":{"footnotes":""},"categories":[16,1],"tags":[],"class_list":["post-3915","post","type-post","status-publish","format-standard","has-post-thumbnail","hentry","category-ciudadvictoria","category-destacados"],"_links":{"self":[{"href":"http:\/\/www.alertaciudadana.info\/index.php?rest_route=\/wp\/v2\/posts\/3915","targetHints":{"allow":["GET"]}}],"collection":[{"href":"http:\/\/www.alertaciudadana.info\/index.php?rest_route=\/wp\/v2\/posts"}],"about":[{"href":"http:\/\/www.alertaciudadana.info\/index.php?rest_route=\/wp\/v2\/types\/post"}],"author":[{"embeddable":true,"href":"http:\/\/www.alertaciudadana.info\/index.php?rest_route=\/wp\/v2\/users\/1"}],"replies":[{"embeddable":true,"href":"http:\/\/www.alertaciudadana.info\/index.php?rest_route=%2Fwp%2Fv2%2Fcomments&post=3915"}],"version-history":[{"count":4,"href":"http:\/\/www.alertaciudadana.info\/index.php?rest_route=\/wp\/v2\/posts\/3915\/revisions"}],"predecessor-version":[{"id":3918,"href":"http:\/\/www.alertaciudadana.info\/index.php?rest_route=\/wp\/v2\/posts\/3915\/revisions\/3918"}],"wp:featuredmedia":[{"embeddable":true,"href":"http:\/\/www.alertaciudadana.info\/index.php?rest_route=\/wp\/v2\/media\/3916"}],"wp:attachment":[{"href":"http:\/\/www.alertaciudadana.info\/index.php?rest_route=%2Fwp%2Fv2%2Fmedia&parent=3915"}],"wp:term":[{"taxonomy":"category","embeddable":true,"href":"http:\/\/www.alertaciudadana.info\/index.php?rest_route=%2Fwp%2Fv2%2Fcategories&post=3915"},{"taxonomy":"post_tag","embeddable":true,"href":"http:\/\/www.alertaciudadana.info\/index.php?rest_route=%2Fwp%2Fv2%2Ftags&post=3915"}],"curies":[{"name":"wp","href":"https:\/\/api.w.org\/{rel}","templated":true}]}}