{"id":38695,"date":"2019-05-30T20:54:20","date_gmt":"2019-05-30T20:54:20","guid":{"rendered":"http:\/\/www.alertaciudadana.info\/?p=38695"},"modified":"2019-05-30T20:54:20","modified_gmt":"2019-05-30T20:54:20","slug":"participa-tamaulipas-en-feria-internacional-de-turismo","status":"publish","type":"post","link":"http:\/\/www.alertaciudadana.info\/?p=38695","title":{"rendered":"Participa Tamaulipas en Feria Internacional de Turismo"},"content":{"rendered":"<h3><a href=\"http:\/\/www.alertaciudadana.info\/wp-content\/uploads\/2019\/05\/sdfg.png\" rel=\"attachment wp-att-38699\"><img loading=\"lazy\" decoding=\"async\" class=\"alignnone size-full wp-image-38699\" src=\"http:\/\/www.alertaciudadana.info\/wp-content\/uploads\/2019\/05\/sdfg.png\" alt=\"sdfg\" width=\"679\" height=\"427\" srcset=\"http:\/\/www.alertaciudadana.info\/wp-content\/uploads\/2019\/05\/sdfg.png 679w, http:\/\/www.alertaciudadana.info\/wp-content\/uploads\/2019\/05\/sdfg-300x189.png 300w\" sizes=\"auto, (max-width: 679px) 100vw, 679px\" \/><\/a><\/h3>\n<h3>Ciudad de M\u00e9xico.-\u00a0Consolidando la participaci\u00f3n y promoci\u00f3n tur\u00edstica de Tamaulipas en los m\u00e1s importantes foros nacionales, una delegaci\u00f3n representativa del estado participa en esta capital en la IBTM Americas 2019, la mayor feria de Turismo de Congresos y Reuniones de Am\u00e9rica Latina.<\/h3>\n<h3>Este evento, realizado en el Centro Citibanamex, es el l\u00edder internacional en su sector conectando a los profesionales que laboran en la industria tur\u00edstica de Norteam\u00e9rica, Latinoam\u00e9rica y Europa. En esta edici\u00f3n Estados Unidos es el pa\u00eds invitado, participando otras naciones como Filipinas, Colombia, Francia y Cuba.<\/h3>\n<h3>En la jornada inaugural de la IBTM Americas 2019, Fernando Olivera Rocha, secretario de Turismo de Tamaulipas, acompa\u00f1ado por el secretario Federal, Miguel Torruco Marqu\u00e9s, realizaron el corte del list\u00f3n que marc\u00f3 el inicio de la participaci\u00f3n de Tamaulipas en este foro tur\u00edstico; este acto cont\u00f3 con la participaci\u00f3n de Edgar Eduardo Sol\u00eds Islas, subsecretario estatal de Promoci\u00f3n.<\/h3>\n<h3>La delegaci\u00f3n tamaulipeca que participa en la IBTM est\u00e1 conformada por artesanos, representantes de turismo estatal, cadenas hoteleras y de centros de convenciones, tour operadores y promotores del turismo cineg\u00e9tico, quienes atender\u00e1n citas de negocios previamente calendarizadas para potenciar este noble sector.<\/h3>\n<h3>Promoviendo el sabor de la cocina de frontera, el municipio de Nuevo Laredo realizar\u00e1 la degustaci\u00f3n de platillos t\u00edpicos para los visitantes, esta experiencia ser\u00e1 enriquecida con la participaci\u00f3n de los productores del mezcal \u201cSierra Chiquita\u201d, elaborado en el municipio tamaulipeco de San Carlos.<\/h3>\n<h3>En este evento internacional, Tamaulipas difundir\u00e1 la amplia gama de opciones y destinos tur\u00edsticos con los que cuenta el estado, realizando conexiones comerciales estrat\u00e9gicas con especialistas en la materia. En el stand tamaulipeco se podr\u00e1n apreciar la calidad y variedad de los productos \u201cHecho en Tam\u201d, que estar\u00e1n disponibles para su venta, promoviendo de esta manera el trabajo de los empresarios locales.<\/h3>\n<h3>Dentro de las sesiones educacionales de la IBTM 2019, el estado ofrecer\u00e1 una presentaci\u00f3n de destino, donde se brindar\u00e1 la conferencia magistral \u201cHacia una cultura de conexi\u00f3n\u201d, la cual ser\u00e1 impartida por Alejandro Molina Bortoni, psic\u00f3logo especializado en desarrollo humano y que ha trabajado en anteriores procesos mundialistas con la Selecci\u00f3n Mexicana de Futbol.<\/h3>\n","protected":false},"excerpt":{"rendered":"<p>Ciudad de M\u00e9xico.-\u00a0Consolidando la participaci\u00f3n y promoci\u00f3n tur\u00edstica de Tamaulipas en los m\u00e1s importantes foros nacionales, una delegaci\u00f3n representativa del&hellip;<\/p>\n","protected":false},"author":1,"featured_media":38699,"comment_status":"closed","ping_status":"closed","sticky":false,"template":"","format":"standard","meta":{"footnotes":""},"categories":[16,1,4],"tags":[],"class_list":["post-38695","post","type-post","status-publish","format-standard","has-post-thumbnail","hentry","category-ciudadvictoria","category-destacados","category-tamaulipas"],"_links":{"self":[{"href":"http:\/\/www.alertaciudadana.info\/index.php?rest_route=\/wp\/v2\/posts\/38695","targetHints":{"allow":["GET"]}}],"collection":[{"href":"http:\/\/www.alertaciudadana.info\/index.php?rest_route=\/wp\/v2\/posts"}],"about":[{"href":"http:\/\/www.alertaciudadana.info\/index.php?rest_route=\/wp\/v2\/types\/post"}],"author":[{"embeddable":true,"href":"http:\/\/www.alertaciudadana.info\/index.php?rest_route=\/wp\/v2\/users\/1"}],"replies":[{"embeddable":true,"href":"http:\/\/www.alertaciudadana.info\/index.php?rest_route=%2Fwp%2Fv2%2Fcomments&post=38695"}],"version-history":[{"count":1,"href":"http:\/\/www.alertaciudadana.info\/index.php?rest_route=\/wp\/v2\/posts\/38695\/revisions"}],"predecessor-version":[{"id":38700,"href":"http:\/\/www.alertaciudadana.info\/index.php?rest_route=\/wp\/v2\/posts\/38695\/revisions\/38700"}],"wp:featuredmedia":[{"embeddable":true,"href":"http:\/\/www.alertaciudadana.info\/index.php?rest_route=\/wp\/v2\/media\/38699"}],"wp:attachment":[{"href":"http:\/\/www.alertaciudadana.info\/index.php?rest_route=%2Fwp%2Fv2%2Fmedia&parent=38695"}],"wp:term":[{"taxonomy":"category","embeddable":true,"href":"http:\/\/www.alertaciudadana.info\/index.php?rest_route=%2Fwp%2Fv2%2Fcategories&post=38695"},{"taxonomy":"post_tag","embeddable":true,"href":"http:\/\/www.alertaciudadana.info\/index.php?rest_route=%2Fwp%2Fv2%2Ftags&post=38695"}],"curies":[{"name":"wp","href":"https:\/\/api.w.org\/{rel}","templated":true}]}}