{"id":38689,"date":"2019-05-30T20:28:35","date_gmt":"2019-05-30T20:28:35","guid":{"rendered":"http:\/\/www.alertaciudadana.info\/?p=38689"},"modified":"2019-05-30T20:28:35","modified_gmt":"2019-05-30T20:28:35","slug":"aumenta-cifra-de-pacientes-con-esclerosis-multiple","status":"publish","type":"post","link":"http:\/\/www.alertaciudadana.info\/?p=38689","title":{"rendered":"Aumenta cifra de pacientes con esclerosis m\u00faltiple"},"content":{"rendered":"<h3><a href=\"http:\/\/www.alertaciudadana.info\/wp-content\/uploads\/2019\/05\/WaterMark_2019-05-30-15-25-02.jpg\" rel=\"attachment wp-att-38690\"><img loading=\"lazy\" decoding=\"async\" class=\"wp-image-38690 aligncenter\" src=\"http:\/\/www.alertaciudadana.info\/wp-content\/uploads\/2019\/05\/WaterMark_2019-05-30-15-25-02.jpg\" alt=\"WaterMark_2019-05-30-15-25-02\" width=\"614\" height=\"461\" srcset=\"http:\/\/www.alertaciudadana.info\/wp-content\/uploads\/2019\/05\/WaterMark_2019-05-30-15-25-02.jpg 1080w, http:\/\/www.alertaciudadana.info\/wp-content\/uploads\/2019\/05\/WaterMark_2019-05-30-15-25-02-300x225.jpg 300w, http:\/\/www.alertaciudadana.info\/wp-content\/uploads\/2019\/05\/WaterMark_2019-05-30-15-25-02-768x576.jpg 768w, http:\/\/www.alertaciudadana.info\/wp-content\/uploads\/2019\/05\/WaterMark_2019-05-30-15-25-02-1024x768.jpg 1024w\" sizes=\"auto, (max-width: 614px) 100vw, 614px\" \/><\/a><\/h3>\n<h3>Reynosa, Tam.- El \u00faltimo mi\u00e9rcoles de mayo se ha decretado como el D\u00eda Nacional de la Esclerosis M\u00faltiple y se conmemorar\u00e1 por primera vez en M\u00e9xico\u00a0 este 30 de Mayo con el objetivo de crear conciencia sobre esta enfermedad.<\/h3>\n<h3>En Reynosa no se tiene una cifra de personas con este padecimiento, sin embargo al Asociaci\u00f3n \u201cVida Nueva una Luz en la Esclerosis M\u00faltiple\u201d, apoya a pacientes y los orienta sobre la enfermedad.<\/h3>\n<h3>Esta condici\u00f3n se considera la primera de origen neurol\u00f3gico en causar discapacidad en personas j\u00f3venes, en el pa\u00eds hay alrededor de 20 mil personas diagnosticadas.<\/h3>\n<h3>Uno de los principales problemas generados por este padecimiento son la discapacidad f\u00edsica y cognitiva, por las caracter\u00edsticas propias de la enfermedad que no son visibles, complicando lograr un diagn\u00f3stico oportuno y la etapa de discapacidad puede ser mayor.<\/h3>\n<h3>Algunos de los s\u00edntomas son disminuci\u00f3n de la visi\u00f3n, visi\u00f3n doble, alteraci\u00f3n de la sensibilidad en las extremidades, debilidad en extremidades, fatiga, depresi\u00f3n, problemas para caminar, dificultad al orinar o defecar, ansiedad, deterioro cognitivo, alteraciones sexuales, temblor y dificultades para mantener el equilibrio.<\/h3>\n","protected":false},"excerpt":{"rendered":"<p>Reynosa, Tam.- El \u00faltimo mi\u00e9rcoles de mayo se ha decretado como el D\u00eda Nacional de la Esclerosis M\u00faltiple y se&hellip;<\/p>\n","protected":false},"author":1,"featured_media":38690,"comment_status":"closed","ping_status":"closed","sticky":false,"template":"","format":"standard","meta":{"footnotes":""},"categories":[1,2],"tags":[],"class_list":["post-38689","post","type-post","status-publish","format-standard","has-post-thumbnail","hentry","category-destacados","category-reynosa"],"_links":{"self":[{"href":"http:\/\/www.alertaciudadana.info\/index.php?rest_route=\/wp\/v2\/posts\/38689","targetHints":{"allow":["GET"]}}],"collection":[{"href":"http:\/\/www.alertaciudadana.info\/index.php?rest_route=\/wp\/v2\/posts"}],"about":[{"href":"http:\/\/www.alertaciudadana.info\/index.php?rest_route=\/wp\/v2\/types\/post"}],"author":[{"embeddable":true,"href":"http:\/\/www.alertaciudadana.info\/index.php?rest_route=\/wp\/v2\/users\/1"}],"replies":[{"embeddable":true,"href":"http:\/\/www.alertaciudadana.info\/index.php?rest_route=%2Fwp%2Fv2%2Fcomments&post=38689"}],"version-history":[{"count":1,"href":"http:\/\/www.alertaciudadana.info\/index.php?rest_route=\/wp\/v2\/posts\/38689\/revisions"}],"predecessor-version":[{"id":38691,"href":"http:\/\/www.alertaciudadana.info\/index.php?rest_route=\/wp\/v2\/posts\/38689\/revisions\/38691"}],"wp:featuredmedia":[{"embeddable":true,"href":"http:\/\/www.alertaciudadana.info\/index.php?rest_route=\/wp\/v2\/media\/38690"}],"wp:attachment":[{"href":"http:\/\/www.alertaciudadana.info\/index.php?rest_route=%2Fwp%2Fv2%2Fmedia&parent=38689"}],"wp:term":[{"taxonomy":"category","embeddable":true,"href":"http:\/\/www.alertaciudadana.info\/index.php?rest_route=%2Fwp%2Fv2%2Fcategories&post=38689"},{"taxonomy":"post_tag","embeddable":true,"href":"http:\/\/www.alertaciudadana.info\/index.php?rest_route=%2Fwp%2Fv2%2Ftags&post=38689"}],"curies":[{"name":"wp","href":"https:\/\/api.w.org\/{rel}","templated":true}]}}