{"id":38675,"date":"2019-05-29T20:54:52","date_gmt":"2019-05-29T20:54:52","guid":{"rendered":"http:\/\/www.alertaciudadana.info\/?p=38675"},"modified":"2019-05-29T20:54:52","modified_gmt":"2019-05-29T20:54:52","slug":"a-falta-de-agua-en-colonia-agua-de-fuentes","status":"publish","type":"post","link":"http:\/\/www.alertaciudadana.info\/?p=38675","title":{"rendered":"A falta de agua en colonia agua de fuentes"},"content":{"rendered":"<h3><a href=\"http:\/\/www.alertaciudadana.info\/wp-content\/uploads\/2019\/05\/WaterMark_2019-05-27-17-51-21.jpg\" rel=\"attachment wp-att-38617\"><img loading=\"lazy\" decoding=\"async\" class=\"alignnone size-full wp-image-38617\" src=\"http:\/\/www.alertaciudadana.info\/wp-content\/uploads\/2019\/05\/WaterMark_2019-05-27-17-51-21.jpg\" alt=\"WaterMark_2019-05-27-17-51-21\" width=\"720\" height=\"405\" srcset=\"http:\/\/www.alertaciudadana.info\/wp-content\/uploads\/2019\/05\/WaterMark_2019-05-27-17-51-21.jpg 720w, http:\/\/www.alertaciudadana.info\/wp-content\/uploads\/2019\/05\/WaterMark_2019-05-27-17-51-21-300x169.jpg 300w\" sizes=\"auto, (max-width: 720px) 100vw, 720px\" \/><\/a><\/h3>\n<h3>Javier Izaguirre Reynosa Tam.-Debido a los fuertes calores que se han estado presentando en la ciudad, m\u00e1s la falta de agua que hay en las colonias de la ciudad de Reynosa, la venta de agua en fuentes se a incrementado hasta en un 80% familias de la localidad han mencionado que se hace un gasto doble, ya que se paga un recibo de agua y a la vez se tiene que gastar en comprar agua embotellada para uso diario.<\/h3>\n<h3>Es por ello que est\u00e1n pidiendo que se regularice ya el abasto de agua en las colonias, para poder solo gastar en agua potable para servicio diario en la casa como para ba\u00f1o, lavar trastes, as\u00ed como ropa y dem\u00e1s, los pagos se acrecientan m\u00e1s ahora debido a que en las Colonia no hay agua y en tan solo un d\u00eda se compran hasta tres garrafones de agua diario, siendo un gasto de 90 pesos diarios que s la semana da un gasto de hasta 500 pesos, mencionando las<\/h3>\n","protected":false},"excerpt":{"rendered":"<p>Javier Izaguirre Reynosa Tam.-Debido a los fuertes calores que se han estado presentando en la ciudad, m\u00e1s la falta de&hellip;<\/p>\n","protected":false},"author":1,"featured_media":38618,"comment_status":"closed","ping_status":"closed","sticky":false,"template":"","format":"standard","meta":{"footnotes":""},"categories":[1,2],"tags":[],"class_list":["post-38675","post","type-post","status-publish","format-standard","has-post-thumbnail","hentry","category-destacados","category-reynosa"],"_links":{"self":[{"href":"http:\/\/www.alertaciudadana.info\/index.php?rest_route=\/wp\/v2\/posts\/38675","targetHints":{"allow":["GET"]}}],"collection":[{"href":"http:\/\/www.alertaciudadana.info\/index.php?rest_route=\/wp\/v2\/posts"}],"about":[{"href":"http:\/\/www.alertaciudadana.info\/index.php?rest_route=\/wp\/v2\/types\/post"}],"author":[{"embeddable":true,"href":"http:\/\/www.alertaciudadana.info\/index.php?rest_route=\/wp\/v2\/users\/1"}],"replies":[{"embeddable":true,"href":"http:\/\/www.alertaciudadana.info\/index.php?rest_route=%2Fwp%2Fv2%2Fcomments&post=38675"}],"version-history":[{"count":1,"href":"http:\/\/www.alertaciudadana.info\/index.php?rest_route=\/wp\/v2\/posts\/38675\/revisions"}],"predecessor-version":[{"id":38676,"href":"http:\/\/www.alertaciudadana.info\/index.php?rest_route=\/wp\/v2\/posts\/38675\/revisions\/38676"}],"wp:featuredmedia":[{"embeddable":true,"href":"http:\/\/www.alertaciudadana.info\/index.php?rest_route=\/wp\/v2\/media\/38618"}],"wp:attachment":[{"href":"http:\/\/www.alertaciudadana.info\/index.php?rest_route=%2Fwp%2Fv2%2Fmedia&parent=38675"}],"wp:term":[{"taxonomy":"category","embeddable":true,"href":"http:\/\/www.alertaciudadana.info\/index.php?rest_route=%2Fwp%2Fv2%2Fcategories&post=38675"},{"taxonomy":"post_tag","embeddable":true,"href":"http:\/\/www.alertaciudadana.info\/index.php?rest_route=%2Fwp%2Fv2%2Ftags&post=38675"}],"curies":[{"name":"wp","href":"https:\/\/api.w.org\/{rel}","templated":true}]}}